{"id":981,"date":"2018-10-21T12:07:19","date_gmt":"2018-10-21T10:07:19","guid":{"rendered":"https:\/\/fischenich.cdu-huerth.de\/?p=981"},"modified":"2019-01-12T14:38:03","modified_gmt":"2019-01-12T13:38:03","slug":"fussgaengerampel-an-der-kreuzung-bonnstrasse-schmittenstrasse-kommt-endlich","status":"publish","type":"post","link":"https:\/\/fischenich.cdu-huerth.de\/?p=981","title":{"rendered":"Fu\u00dfg\u00e4ngerampel an der Kreuzung Bonnstra\u00dfe \/ Schmittenstra\u00dfe kommt endlich"},"content":{"rendered":"<p>Die seit langem von der CDU-Fischenich geforderte und vom Landesbetrieb Stra\u00dfen.NRW. schon vor zwei Jahren zugesagte Fu\u00dfg\u00e4ngerampel soll nunmehr endlich ab der 43. Kalenderwoche installiert werden. \u201eDamit wird in Fischenich ein wenig mehr Verkehrssicherheit insbesondere auf diesem stark frequentierten Schulweg erreicht,\u201c begr\u00fc\u00dft CDU-Ratsmitglied R\u00fcdiger Winkler den Beginn der Bauma\u00dfnahme.<\/p>\n<div class=\"facebook_like_button\" style=\"float: right; margin-left: 10px;\"><iframe src=\"http:\/\/www.facebook.com\/plugins\/like.php?href=https%3A%2F%2Ffischenich.cdu-huerth.de%2F%3Fp%3D981&amp;layout=standard&amp;show_faces=false&amp;action=like&amp;colorscheme=light&amp;width=450\" scrolling=\"no\" frameborder=\"0\" allowTransparency=\"true\" style=\"border:none; overflow:hidden; width:450px; height:40px\"><\/iframe><\/div>\n","protected":false},"excerpt":{"rendered":"<p>Die seit langem von der CDU-Fischenich geforderte und vom Landesbetrieb Stra\u00dfen.NRW. schon vor zwei Jahren zugesagte Fu\u00dfg\u00e4ngerampel soll nunmehr endlich ab der 43. Kalenderwoche installiert werden. \u201eDamit wird in Fischenich ein wenig mehr Verkehrssicherheit insbesondere auf diesem stark frequentierten Schulweg erreicht,\u201c begr\u00fc\u00dft CDU-Ratsmitglied R\u00fcdiger Winkler den Beginn der Bauma\u00dfnahme.<\/p>\n","protected":false},"author":6,"featured_media":0,"comment_status":"open","ping_status":"open","sticky":false,"template":"","format":"standard","meta":{"ngg_post_thumbnail":0,"_jetpack_newsletter_access":"","_jetpack_dont_email_post_to_subs":false,"_jetpack_newsletter_tier_id":0,"_jetpack_memberships_contains_paywalled_content":false,"_jetpack_feature_clip_id":0,"_jetpack_memberships_contains_paid_content":false,"footnotes":"","jetpack_publicize_message":"","jetpack_publicize_feature_enabled":true,"jetpack_social_post_already_shared":true,"jetpack_social_options":{"image_generator_settings":{"template":"highway","default_image_id":0,"font":"","enabled":false},"version":2},"jetpack_post_was_ever_published":false},"categories":[1],"tags":[],"class_list":["post-981","post","type-post","status-publish","format-standard","hentry","category-allgemein","item-wrap"],"aioseo_notices":[],"aioseo_head":"\n\t\t<!-- All in One SEO 5.0.0.1 - aioseo.com -->\n\t<meta name=\"robots\" content=\"max-image-preview:large\" \/>\n\t<meta name=\"author\" content=\"Autor\"\/>\n\t<link rel=\"canonical\" href=\"https:\/\/fischenich.cdu-huerth.de\/?p=981\" \/>\n\t<meta name=\"generator\" content=\"All in One SEO (AIOSEO) 5.0.0.1\" \/>\n\t\t<meta property=\"og:locale\" content=\"de_DE\" \/>\n\t\t<meta property=\"og:site_name\" content=\"CDU-Ortsverband Fischenich |\" \/>\n\t\t<meta property=\"og:type\" content=\"article\" \/>\n\t\t<meta property=\"og:title\" content=\"Fu\u00dfg\u00e4ngerampel an der Kreuzung Bonnstra\u00dfe \/ Schmittenstra\u00dfe kommt endlich | CDU-Ortsverband Fischenich\" \/>\n\t\t<meta property=\"og:url\" content=\"https:\/\/fischenich.cdu-huerth.de\/?p=981\" \/>\n\t\t<meta property=\"article:published_time\" content=\"2018-10-21T10:07:19+00:00\" \/>\n\t\t<meta property=\"article:modified_time\" content=\"2019-01-12T13:38:03+00:00\" \/>\n\t\t<meta name=\"twitter:card\" content=\"summary\" \/>\n\t\t<meta name=\"twitter:title\" content=\"Fu\u00dfg\u00e4ngerampel an der Kreuzung Bonnstra\u00dfe \/ Schmittenstra\u00dfe kommt endlich | CDU-Ortsverband Fischenich\" \/>\n\t\t<script type=\"application\/ld+json\" class=\"aioseo-schema\">\n\t\t\t{\"@context\":\"https:\\\/\\\/schema.org\",\"@graph\":[{\"@type\":\"Article\",\"@id\":\"https:\\\/\\\/fischenich.cdu-huerth.de\\\/?p=981#article\",\"name\":\"Fu\\u00dfg\\u00e4ngerampel an der Kreuzung Bonnstra\\u00dfe \\\/ Schmittenstra\\u00dfe kommt endlich | CDU-Ortsverband Fischenich\",\"headline\":\"Fu\\u00dfg\\u00e4ngerampel an der Kreuzung Bonnstra\\u00dfe \\\/ Schmittenstra\\u00dfe kommt endlich\",\"author\":{\"@id\":\"https:\\\/\\\/fischenich.cdu-huerth.de\\\/?author=6#author\"},\"publisher\":{\"@id\":\"https:\\\/\\\/fischenich.cdu-huerth.de\\\/#organization\"},\"datePublished\":\"2018-10-21T12:07:19+02:00\",\"dateModified\":\"2019-01-12T14:38:03+01:00\",\"inLanguage\":\"de-DE\",\"mainEntityOfPage\":{\"@id\":\"https:\\\/\\\/fischenich.cdu-huerth.de\\\/?p=981#webpage\"},\"isPartOf\":{\"@id\":\"https:\\\/\\\/fischenich.cdu-huerth.de\\\/?p=981#webpage\"},\"articleSection\":\"Allgemein\"},{\"@type\":\"BreadcrumbList\",\"@id\":\"https:\\\/\\\/fischenich.cdu-huerth.de\\\/?p=981#breadcrumblist\",\"itemListElement\":[{\"@type\":\"ListItem\",\"@id\":\"https:\\\/\\\/fischenich.cdu-huerth.de#listItem\",\"position\":1,\"name\":\"Home\",\"item\":\"https:\\\/\\\/fischenich.cdu-huerth.de\",\"nextItem\":{\"@type\":\"ListItem\",\"@id\":\"https:\\\/\\\/fischenich.cdu-huerth.de\\\/?cat=1#listItem\",\"name\":\"Allgemein\"}},{\"@type\":\"ListItem\",\"@id\":\"https:\\\/\\\/fischenich.cdu-huerth.de\\\/?cat=1#listItem\",\"position\":2,\"name\":\"Allgemein\",\"item\":\"https:\\\/\\\/fischenich.cdu-huerth.de\\\/?cat=1\",\"nextItem\":{\"@type\":\"ListItem\",\"@id\":\"https:\\\/\\\/fischenich.cdu-huerth.de\\\/?p=981#listItem\",\"name\":\"Fu\\u00dfg\\u00e4ngerampel an der Kreuzung Bonnstra\\u00dfe \\\/ Schmittenstra\\u00dfe kommt endlich\"},\"previousItem\":{\"@type\":\"ListItem\",\"@id\":\"https:\\\/\\\/fischenich.cdu-huerth.de#listItem\",\"name\":\"Home\"}},{\"@type\":\"ListItem\",\"@id\":\"https:\\\/\\\/fischenich.cdu-huerth.de\\\/?p=981#listItem\",\"position\":3,\"name\":\"Fu\\u00dfg\\u00e4ngerampel an der Kreuzung Bonnstra\\u00dfe \\\/ Schmittenstra\\u00dfe kommt endlich\",\"previousItem\":{\"@type\":\"ListItem\",\"@id\":\"https:\\\/\\\/fischenich.cdu-huerth.de\\\/?cat=1#listItem\",\"name\":\"Allgemein\"}}]},{\"@type\":\"Organization\",\"@id\":\"https:\\\/\\\/fischenich.cdu-huerth.de\\\/#organization\",\"name\":\"CDU-Ortsverband Fischenich\",\"url\":\"https:\\\/\\\/fischenich.cdu-huerth.de\\\/\"},{\"@type\":\"Person\",\"@id\":\"https:\\\/\\\/fischenich.cdu-huerth.de\\\/?author=6#author\",\"url\":\"https:\\\/\\\/fischenich.cdu-huerth.de\\\/?author=6\",\"name\":\"Autor\",\"image\":{\"@type\":\"ImageObject\",\"@id\":\"https:\\\/\\\/fischenich.cdu-huerth.de\\\/?p=981#authorImage\",\"url\":\"https:\\\/\\\/secure.gravatar.com\\\/avatar\\\/85983e1a3b8cf0e2e5b56152bf2d8eeae9382b3f9b2d1b7a4d7d80d49b0dea8b?s=96&d=mm&r=g\",\"width\":96,\"height\":96,\"caption\":\"Autor\"}},{\"@type\":\"WebPage\",\"@id\":\"https:\\\/\\\/fischenich.cdu-huerth.de\\\/?p=981#webpage\",\"url\":\"https:\\\/\\\/fischenich.cdu-huerth.de\\\/?p=981\",\"name\":\"Fu\\u00dfg\\u00e4ngerampel an der Kreuzung Bonnstra\\u00dfe \\\/ Schmittenstra\\u00dfe kommt endlich | CDU-Ortsverband Fischenich\",\"inLanguage\":\"de-DE\",\"isPartOf\":{\"@id\":\"https:\\\/\\\/fischenich.cdu-huerth.de\\\/#website\"},\"breadcrumb\":{\"@id\":\"https:\\\/\\\/fischenich.cdu-huerth.de\\\/?p=981#breadcrumblist\"},\"author\":{\"@id\":\"https:\\\/\\\/fischenich.cdu-huerth.de\\\/?author=6#author\"},\"creator\":{\"@id\":\"https:\\\/\\\/fischenich.cdu-huerth.de\\\/?author=6#author\"},\"datePublished\":\"2018-10-21T12:07:19+02:00\",\"dateModified\":\"2019-01-12T14:38:03+01:00\"},{\"@type\":\"WebSite\",\"@id\":\"https:\\\/\\\/fischenich.cdu-huerth.de\\\/#website\",\"url\":\"https:\\\/\\\/fischenich.cdu-huerth.de\\\/\",\"name\":\"CDU-Ortsverband Fischenich\",\"inLanguage\":\"de-DE\",\"publisher\":{\"@id\":\"https:\\\/\\\/fischenich.cdu-huerth.de\\\/#organization\"}}]}\n\t\t<\/script>\n\t\t<!-- All in One SEO -->\n\n","aioseo_head_json":{"title":"Fu\u00dfg\u00e4ngerampel an der Kreuzung Bonnstra\u00dfe \/ Schmittenstra\u00dfe kommt endlich | CDU-Ortsverband Fischenich","description":"","canonical_url":"https:\/\/fischenich.cdu-huerth.de\/?p=981","robots":"max-image-preview:large","keywords":"","webmasterTools":{"miscellaneous":""},"schema":{"@context":"https:\/\/schema.org","@graph":[{"@type":"Article","@id":"https:\/\/fischenich.cdu-huerth.de\/?p=981#article","name":"Fu\u00dfg\u00e4ngerampel an der Kreuzung Bonnstra\u00dfe \/ Schmittenstra\u00dfe kommt endlich | CDU-Ortsverband Fischenich","headline":"Fu\u00dfg\u00e4ngerampel an der Kreuzung Bonnstra\u00dfe \/ Schmittenstra\u00dfe kommt endlich","author":{"@id":"https:\/\/fischenich.cdu-huerth.de\/?author=6#author"},"publisher":{"@id":"https:\/\/fischenich.cdu-huerth.de\/#organization"},"datePublished":"2018-10-21T12:07:19+02:00","dateModified":"2019-01-12T14:38:03+01:00","inLanguage":"de-DE","mainEntityOfPage":{"@id":"https:\/\/fischenich.cdu-huerth.de\/?p=981#webpage"},"isPartOf":{"@id":"https:\/\/fischenich.cdu-huerth.de\/?p=981#webpage"},"articleSection":"Allgemein"},{"@type":"BreadcrumbList","@id":"https:\/\/fischenich.cdu-huerth.de\/?p=981#breadcrumblist","itemListElement":[{"@type":"ListItem","@id":"https:\/\/fischenich.cdu-huerth.de#listItem","position":1,"name":"Home","item":"https:\/\/fischenich.cdu-huerth.de","nextItem":{"@type":"ListItem","@id":"https:\/\/fischenich.cdu-huerth.de\/?cat=1#listItem","name":"Allgemein"}},{"@type":"ListItem","@id":"https:\/\/fischenich.cdu-huerth.de\/?cat=1#listItem","position":2,"name":"Allgemein","item":"https:\/\/fischenich.cdu-huerth.de\/?cat=1","nextItem":{"@type":"ListItem","@id":"https:\/\/fischenich.cdu-huerth.de\/?p=981#listItem","name":"Fu\u00dfg\u00e4ngerampel an der Kreuzung Bonnstra\u00dfe \/ Schmittenstra\u00dfe kommt endlich"},"previousItem":{"@type":"ListItem","@id":"https:\/\/fischenich.cdu-huerth.de#listItem","name":"Home"}},{"@type":"ListItem","@id":"https:\/\/fischenich.cdu-huerth.de\/?p=981#listItem","position":3,"name":"Fu\u00dfg\u00e4ngerampel an der Kreuzung Bonnstra\u00dfe \/ Schmittenstra\u00dfe kommt endlich","previousItem":{"@type":"ListItem","@id":"https:\/\/fischenich.cdu-huerth.de\/?cat=1#listItem","name":"Allgemein"}}]},{"@type":"Organization","@id":"https:\/\/fischenich.cdu-huerth.de\/#organization","name":"CDU-Ortsverband Fischenich","url":"https:\/\/fischenich.cdu-huerth.de\/"},{"@type":"Person","@id":"https:\/\/fischenich.cdu-huerth.de\/?author=6#author","url":"https:\/\/fischenich.cdu-huerth.de\/?author=6","name":"Autor","image":{"@type":"ImageObject","@id":"https:\/\/fischenich.cdu-huerth.de\/?p=981#authorImage","url":"https:\/\/secure.gravatar.com\/avatar\/85983e1a3b8cf0e2e5b56152bf2d8eeae9382b3f9b2d1b7a4d7d80d49b0dea8b?s=96&d=mm&r=g","width":96,"height":96,"caption":"Autor"}},{"@type":"WebPage","@id":"https:\/\/fischenich.cdu-huerth.de\/?p=981#webpage","url":"https:\/\/fischenich.cdu-huerth.de\/?p=981","name":"Fu\u00dfg\u00e4ngerampel an der Kreuzung Bonnstra\u00dfe \/ Schmittenstra\u00dfe kommt endlich | CDU-Ortsverband Fischenich","inLanguage":"de-DE","isPartOf":{"@id":"https:\/\/fischenich.cdu-huerth.de\/#website"},"breadcrumb":{"@id":"https:\/\/fischenich.cdu-huerth.de\/?p=981#breadcrumblist"},"author":{"@id":"https:\/\/fischenich.cdu-huerth.de\/?author=6#author"},"creator":{"@id":"https:\/\/fischenich.cdu-huerth.de\/?author=6#author"},"datePublished":"2018-10-21T12:07:19+02:00","dateModified":"2019-01-12T14:38:03+01:00"},{"@type":"WebSite","@id":"https:\/\/fischenich.cdu-huerth.de\/#website","url":"https:\/\/fischenich.cdu-huerth.de\/","name":"CDU-Ortsverband Fischenich","inLanguage":"de-DE","publisher":{"@id":"https:\/\/fischenich.cdu-huerth.de\/#organization"}}]},"og:locale":"de_DE","og:site_name":"CDU-Ortsverband Fischenich |","og:type":"article","og:title":"Fu\u00dfg\u00e4ngerampel an der Kreuzung Bonnstra\u00dfe \/ Schmittenstra\u00dfe kommt endlich | CDU-Ortsverband Fischenich","og:url":"https:\/\/fischenich.cdu-huerth.de\/?p=981","article:published_time":"2018-10-21T10:07:19+00:00","article:modified_time":"2019-01-12T13:38:03+00:00","twitter:card":"summary","twitter:title":"Fu\u00dfg\u00e4ngerampel an der Kreuzung Bonnstra\u00dfe \/ Schmittenstra\u00dfe kommt endlich | CDU-Ortsverband Fischenich"},"aioseo_meta_data":{"post_id":"981","title":null,"description":null,"keywords":null,"keyphrases":null,"primary_term":null,"canonical_url":null,"og_title":null,"og_description":null,"og_object_type":"default","og_image_type":"default","og_image_url":null,"og_image_width":null,"og_image_height":null,"og_image_custom_url":null,"og_image_custom_fields":null,"og_video":null,"og_custom_url":null,"og_article_section":null,"og_article_tags":null,"twitter_use_og":false,"twitter_card":"default","twitter_image_type":"default","twitter_image_url":null,"twitter_image_custom_url":null,"twitter_image_custom_fields":null,"twitter_title":null,"twitter_description":null,"schema":{"blockGraphs":[],"customGraphs":[],"default":{"data":{"Article":[],"Course":[],"Dataset":[],"FAQPage":[],"Movie":[],"Person":[],"Product":[],"ProductReview":[],"Car":[],"Recipe":[],"Service":[],"SoftwareApplication":[],"WebPage":[]},"graphName":"","isEnabled":true},"graphs":[]},"schema_type":null,"schema_type_options":null,"pillar_content":false,"robots_default":true,"robots_noindex":false,"robots_noarchive":false,"robots_nosnippet":false,"robots_nofollow":false,"robots_noimageindex":false,"robots_noodp":false,"robots_notranslate":false,"robots_max_snippet":null,"robots_max_videopreview":null,"robots_max_imagepreview":"large","priority":null,"frequency":null,"local_seo":null,"breadcrumb_settings":null,"limit_modified_date":false,"ai":null,"created":"2021-01-09 10:04:54","updated":"2025-06-20 06:23:44","focus_keyword":null,"additional_keywords":null,"truseo_locale":null,"seo_analyzer_scan_date":null},"aioseo_breadcrumb":"<div class=\"aioseo-breadcrumbs\"><span class=\"aioseo-breadcrumb\">\n\t\t\t<a href=\"https:\/\/fischenich.cdu-huerth.de\" title=\"Home\">Home<\/a>\n\t\t<\/span><span class=\"aioseo-breadcrumb-separator\">&raquo;<\/span><span class=\"aioseo-breadcrumb\">\n\t\t\t<a href=\"https:\/\/fischenich.cdu-huerth.de\/?cat=1\" title=\"Allgemein\">Allgemein<\/a>\n\t\t<\/span><span class=\"aioseo-breadcrumb-separator\">&raquo;<\/span><span class=\"aioseo-breadcrumb\">\n\t\t\tFu\u00dfg\u00e4ngerampel an der Kreuzung Bonnstra\u00dfe \/ Schmittenstra\u00dfe kommt endlich\n\t\t<\/span><\/div>","aioseo_breadcrumb_json":[{"label":"Home","link":"https:\/\/fischenich.cdu-huerth.de"},{"label":"Allgemein","link":"https:\/\/fischenich.cdu-huerth.de\/?cat=1"},{"label":"Fu\u00dfg\u00e4ngerampel an der Kreuzung Bonnstra\u00dfe \/ Schmittenstra\u00dfe kommt endlich","link":"https:\/\/fischenich.cdu-huerth.de\/?p=981"}],"jetpack_publicize_connections":[],"jetpack_sharing_enabled":true,"jetpack_shortlink":"https:\/\/wp.me\/paa5yn-fP","publishpress_future_action":{"enabled":false,"date":"2026-09-10 16:42:18","action":"change-status","newStatus":"draft","terms":[],"taxonomy":"category","extraData":[]},"publishpress_future_workflow_manual_trigger":{"enabledWorkflows":[]},"jetpack_featured_media_url":"","_links":{"self":[{"href":"https:\/\/fischenich.cdu-huerth.de\/index.php?rest_route=\/wp\/v2\/posts\/981","targetHints":{"allow":["GET"]}}],"collection":[{"href":"https:\/\/fischenich.cdu-huerth.de\/index.php?rest_route=\/wp\/v2\/posts"}],"about":[{"href":"https:\/\/fischenich.cdu-huerth.de\/index.php?rest_route=\/wp\/v2\/types\/post"}],"author":[{"embeddable":true,"href":"https:\/\/fischenich.cdu-huerth.de\/index.php?rest_route=\/wp\/v2\/users\/6"}],"replies":[{"embeddable":true,"href":"https:\/\/fischenich.cdu-huerth.de\/index.php?rest_route=%2Fwp%2Fv2%2Fcomments&post=981"}],"version-history":[{"count":1,"href":"https:\/\/fischenich.cdu-huerth.de\/index.php?rest_route=\/wp\/v2\/posts\/981\/revisions"}],"predecessor-version":[{"id":982,"href":"https:\/\/fischenich.cdu-huerth.de\/index.php?rest_route=\/wp\/v2\/posts\/981\/revisions\/982"}],"wp:attachment":[{"href":"https:\/\/fischenich.cdu-huerth.de\/index.php?rest_route=%2Fwp%2Fv2%2Fmedia&parent=981"}],"wp:term":[{"taxonomy":"category","embeddable":true,"href":"https:\/\/fischenich.cdu-huerth.de\/index.php?rest_route=%2Fwp%2Fv2%2Fcategories&post=981"},{"taxonomy":"post_tag","embeddable":true,"href":"https:\/\/fischenich.cdu-huerth.de\/index.php?rest_route=%2Fwp%2Fv2%2Ftags&post=981"}],"curies":[{"name":"wp","href":"https:\/\/api.w.org\/{rel}","templated":true}]}}