{"id":966,"date":"2018-09-15T10:20:18","date_gmt":"2018-09-15T08:20:18","guid":{"rendered":"https:\/\/fischenich.cdu-huerth.de\/?p=966"},"modified":"2018-09-15T10:22:43","modified_gmt":"2018-09-15T08:22:43","slug":"zweite-grosse-baustelle-belastet-fischenich-noch-mehr","status":"publish","type":"post","link":"https:\/\/fischenich.cdu-huerth.de\/?p=966","title":{"rendered":"Zweite gro\u00dfe Baustelle belastet Fischenich noch mehr"},"content":{"rendered":"<p>Vollsperrung der Luxemburger Stra\u00dfe durch Stra\u00dfen.NRW trotz Widerstand aus H\u00fcrth<\/p>\n<p><span style=\"font-family: arial,helvetica,sans-serif; font-size: 10pt;\">Ab Montag sperrt Stra\u00dfen.NRW die Luxemburgerstra\u00dfe zwischen Erftstadt-Liblar und H\u00fcrth um die Radwege zu sanieren. In drei Abschnitten wird die Hauptverkehrsstra\u00dfe f\u00fcr jeweils zwei Wochen f\u00fcr den Verkehr nicht befahrbar sein.<\/span><\/p>\n<p><span style=\"font-family: arial,helvetica,sans-serif; font-size: 10pt;\">\u201eWir begr\u00fc\u00dfen es, dass die Radwege endlich saniert werden,\u201c so die CDU-Fraktionsvize Gudrun Baer. \u201eDer Zeitpunkt ist jedoch mehr als ungl\u00fccklich.&#8221; Ortsvorsteher Raimund Westphal kritisiert diese zus\u00e4tzliche Bauma\u00dfnahme ausdr\u00fccklich. &#8220;Die Fischenicher B\u00fcrgerinnen und B\u00fcrger sind durch die Baustelle auf der Gennerstra\u00dfe derzeit schon fast unertr\u00e4glich belastet. Eine Behinderung des flie\u00dfendes Verkehrs auf der Luxemburger Stra\u00dfe wird die Situation noch weiter versch\u00e4rfen.\u201c<\/span><\/p>\n<p><span style=\"font-family: arial,helvetica,sans-serif; font-size: 10pt;\">Einw\u00e4nde hatte bereits das Ordnungsamt und die Stadtwerke der Stadt H\u00fcrth wegen der Baustellen im Ortskern erhoben. Dem schlo\u00df sich auch die Stadt Br\u00fchl an. &#8220;Genutzt haben diese Bedenken aber leider nichts. Am 11. September 2018 wurde lediglich die verkehrsrechtliche Anordnung durch den Landesbetrieb zur Kenntnis gebracht. <\/span><span style=\"font-family: arial,helvetica,sans-serif; font-size: 10pt;\">Durch Umleitungen und Kontrollen muss wenigstens gew\u00e4hrleistet werden, dass LKW\u2019s nicht wieder verst\u00e4rkt in die Gennerstra\u00dfe einfahren, was aus gutem Grund auch heute schon nicht erlaubt ist,\u201c fordert&nbsp;R\u00fcdiger Winkler als Ratsvertreter f\u00fcr Fischenich.<\/span><\/p>\n<div class=\"facebook_like_button\" style=\"float: right; margin-left: 10px;\"><iframe src=\"http:\/\/www.facebook.com\/plugins\/like.php?href=https%3A%2F%2Ffischenich.cdu-huerth.de%2F%3Fp%3D966&amp;layout=standard&amp;show_faces=false&amp;action=like&amp;colorscheme=light&amp;width=450\" scrolling=\"no\" frameborder=\"0\" allowTransparency=\"true\" style=\"border:none; overflow:hidden; width:450px; height:40px\"><\/iframe><\/div>\n","protected":false},"excerpt":{"rendered":"<p>Vollsperrung der Luxemburger Stra\u00dfe durch Stra\u00dfen.NRW trotz Widerstand aus H\u00fcrth Ab Montag sperrt Stra\u00dfen.NRW die Luxemburgerstra\u00dfe zwischen Erftstadt-Liblar und H\u00fcrth um die Radwege zu sanieren. In drei Abschnitten wird die Hauptverkehrsstra\u00dfe f\u00fcr jeweils zwei Wochen f\u00fcr den Verkehr nicht befahrbar sein. \u201eWir begr\u00fc\u00dfen es, dass die Radwege endlich saniert werden,\u201c so die CDU-Fraktionsvize Gudrun Baer. &hellip; <\/p>\n<p><a class=\"more-link btn\" href=\"https:\/\/fischenich.cdu-huerth.de\/?p=966\">Weiterlesen<\/a><\/p>\n","protected":false},"author":6,"featured_media":0,"comment_status":"open","ping_status":"open","sticky":false,"template":"","format":"standard","meta":{"ngg_post_thumbnail":0,"jetpack_post_was_ever_published":false,"_jetpack_newsletter_access":"","_jetpack_dont_email_post_to_subs":false,"_jetpack_newsletter_tier_id":0,"_jetpack_memberships_contains_paywalled_content":false,"_jetpack_memberships_contains_paid_content":false,"footnotes":"","jetpack_publicize_message":"","jetpack_publicize_feature_enabled":true,"jetpack_social_post_already_shared":true,"jetpack_social_options":{"image_generator_settings":{"template":"highway","default_image_id":0,"font":"","enabled":false},"version":2}},"categories":[1],"tags":[],"class_list":["post-966","post","type-post","status-publish","format-standard","hentry","category-allgemein","item-wrap"],"aioseo_notices":[],"jetpack_publicize_connections":[],"jetpack_featured_media_url":"","jetpack_sharing_enabled":true,"jetpack_shortlink":"https:\/\/wp.me\/paa5yn-fA","publishpress_future_action":{"enabled":false,"date":"2026-05-07 04:15:34","action":"change-status","newStatus":"draft","terms":[],"taxonomy":"category","extraData":[]},"publishpress_future_workflow_manual_trigger":{"enabledWorkflows":[]},"_links":{"self":[{"href":"https:\/\/fischenich.cdu-huerth.de\/index.php?rest_route=\/wp\/v2\/posts\/966","targetHints":{"allow":["GET"]}}],"collection":[{"href":"https:\/\/fischenich.cdu-huerth.de\/index.php?rest_route=\/wp\/v2\/posts"}],"about":[{"href":"https:\/\/fischenich.cdu-huerth.de\/index.php?rest_route=\/wp\/v2\/types\/post"}],"author":[{"embeddable":true,"href":"https:\/\/fischenich.cdu-huerth.de\/index.php?rest_route=\/wp\/v2\/users\/6"}],"replies":[{"embeddable":true,"href":"https:\/\/fischenich.cdu-huerth.de\/index.php?rest_route=%2Fwp%2Fv2%2Fcomments&post=966"}],"version-history":[{"count":2,"href":"https:\/\/fischenich.cdu-huerth.de\/index.php?rest_route=\/wp\/v2\/posts\/966\/revisions"}],"predecessor-version":[{"id":968,"href":"https:\/\/fischenich.cdu-huerth.de\/index.php?rest_route=\/wp\/v2\/posts\/966\/revisions\/968"}],"wp:attachment":[{"href":"https:\/\/fischenich.cdu-huerth.de\/index.php?rest_route=%2Fwp%2Fv2%2Fmedia&parent=966"}],"wp:term":[{"taxonomy":"category","embeddable":true,"href":"https:\/\/fischenich.cdu-huerth.de\/index.php?rest_route=%2Fwp%2Fv2%2Fcategories&post=966"},{"taxonomy":"post_tag","embeddable":true,"href":"https:\/\/fischenich.cdu-huerth.de\/index.php?rest_route=%2Fwp%2Fv2%2Ftags&post=966"}],"curies":[{"name":"wp","href":"https:\/\/api.w.org\/{rel}","templated":true}]}}