{"id":732,"date":"2014-08-22T21:41:53","date_gmt":"2014-08-22T19:41:53","guid":{"rendered":"http:\/\/fischenich.cdu-huerth.de\/?p=732"},"modified":"2016-10-20T06:33:22","modified_gmt":"2016-10-20T04:33:22","slug":"strassensperrung-zwischen-fischenich-und-meschenich","status":"publish","type":"post","link":"https:\/\/fischenich.cdu-huerth.de\/?p=732","title":{"rendered":"Stra\u00dfensperrung zwischen Fischenich und Meschenich? <small class=\"subtitle\">Die Baustellenplanung der Stadtwerke H\u00fcrth f\u00fcr den Ausbau des Marktweges sieht eine Sperrung der Bahnunterf\u00fchrung f\u00fcr die Bauzeit von 42 Wochen vor.<\/small>"},"content":{"rendered":"<p style=\"text-align: justify;\">Die Baustellenplanung der Stadtwerke H\u00fcrth f\u00fcr den Ausbau des Marktweges sieht eine Sperrung der Bahnunterf\u00fchrung f\u00fcr die Bauzeit von 42 Wochen vor.<\/p>\n<p style=\"text-align: justify;\">Im Zuge des jetzt beginnenden Ausbaus des Marktweges in Fischenich im Bereich zwischen der Bonnstra\u00dfe und dem Sonnenblumenweg und der Erneuerung der Kanalisation ist von den Stadtwerken nicht nur eine einspurige Verkehrsf\u00fchrung mit Baustellenampeln im Bereich der Baustelle vorgesehen worden, sondern auch eine Sperrung der Bahnunterf\u00fchrung von und nach Meschenich.<br \/>\n\u201eDie Interessen der Anlieger des Marktweges sind bei dieser Art der Baustelleneinrichtung f\u00fcr einen so langen Zeitraum nicht ausreichend beachtet worden,\u201c stellte Ratsmitglied und Ortsvorsteher von Fischenich Raimund Westphal schon im Vorfeld der Sitzung des Verwaltungsrates der Stadtwerke am 21. August 2014 fest.<br \/>\nEntsprechend hatten auch die CDU-Mitglieder im Verwaltungsrat die Baustellenplanung in einer Stellungnahme zur Sitzung des Verwaltungsrates Kritik an einer derartigen Planung ge\u00fcbt und gefordert, zumindest die Sperrung der Bahnunterf\u00fchrung zu \u00fcberdenken und den Kraftfahrzeugverkehr zuzulassen.<br \/>\n\u201eDie Sperrung der Bahnunterf\u00fchrung ist f\u00fcr die Anlieger \u00fcberhaupt nicht nachvollziehbar und gef\u00e4hrdet au\u00dferdem die Existenz mehrerer Betriebe,\u201c betonte der Sprecher der CDU im Verwaltungsrat R\u00fcdiger Winkler in der Sitzung. \u201eAllein der Gem\u00fcsebau-Fachbetrieb THOMAS\/HAENRAETS hat arbeitst\u00e4glich mindestens 60 Fahrten mit landwirtschaftlichen Fahrzeugen und Traktoren Richtung Meschenich zu den landwirtschaftlichen Fl\u00e4chen jenseits der Bahnlinie. Die m\u00f6glichen Umwege \u00fcber Br\u00fchl-Vochem oder Kalscheuren sind nicht zumutbar und betriebswirtschaftlich nicht tragbar. Dar\u00fcber hinaus ist dort auch noch die Firma GEM\u00dcSE SCHR\u00d6TER ans\u00e4ssig, die auf ihrem Betriebsgel\u00e4nde Obst und Gem\u00fcse verkauft. Dieser Gesch\u00e4ftsbetrieb macht gro\u00dfe Teile seines Umsatzes mit Kunden aus Meschenich und Rondorf, die bei einer Schlie\u00dfung der Bahnunterf\u00fchrung wahrscheinlich f\u00fcr immer verloren w\u00e4ren. Einen solchen Umsatzverlust k\u00f6nnte die Firma Schr\u00f6ter nicht verkraften.&#8221;<br \/>\nDie L\u00f6sung der nunmehr entstandenen Probleme, die h\u00e4tten vermieden werden k\u00f6nnen, wenn zuvor mit den Betroffenen gesprochen worden w\u00e4re, soll jetzt im Rahmen eines Ortstermins mit allen Beteiligten gefunden werden.<\/p>\n<div class=\"facebook_like_button\" style=\"float: right; margin-left: 10px;\"><iframe src=\"http:\/\/www.facebook.com\/plugins\/like.php?href=https%3A%2F%2Ffischenich.cdu-huerth.de%2F%3Fp%3D732&amp;layout=standard&amp;show_faces=false&amp;action=like&amp;colorscheme=light&amp;width=450\" scrolling=\"no\" frameborder=\"0\" allowTransparency=\"true\" style=\"border:none; overflow:hidden; width:450px; height:40px\"><\/iframe><\/div>\n","protected":false},"excerpt":{"rendered":"<p>Die Baustellenplanung der Stadtwerke H\u00fcrth f\u00fcr den Ausbau des Marktweges sieht eine Sperrung der Bahnunterf\u00fchrung f\u00fcr die Bauzeit von 42 Wochen vor. Im Zuge des jetzt beginnenden Ausbaus des Marktweges in Fischenich im Bereich zwischen der Bonnstra\u00dfe und dem Sonnenblumenweg und der Erneuerung der Kanalisation ist von den Stadtwerken nicht nur eine einspurige Verkehrsf\u00fchrung mit &hellip; <\/p>\n<p><a class=\"more-link btn\" href=\"https:\/\/fischenich.cdu-huerth.de\/?p=732\">Weiterlesen<\/a><\/p>\n","protected":false},"author":6,"featured_media":734,"comment_status":"open","ping_status":"open","sticky":false,"template":"","format":"standard","meta":{"ngg_post_thumbnail":0,"jetpack_post_was_ever_published":false,"_jetpack_newsletter_access":"","_jetpack_dont_email_post_to_subs":false,"_jetpack_newsletter_tier_id":0,"_jetpack_memberships_contains_paywalled_content":false,"_jetpack_memberships_contains_paid_content":false,"footnotes":"","jetpack_publicize_message":"","jetpack_publicize_feature_enabled":true,"jetpack_social_post_already_shared":false,"jetpack_social_options":{"image_generator_settings":{"template":"highway","default_image_id":0,"font":"","enabled":false},"version":2}},"categories":[1],"tags":[54,29,55],"class_list":["post-732","post","type-post","status-publish","format-standard","has-post-thumbnail","hentry","category-allgemein","tag-raimund-westphal","tag-rudiger-winkler","tag-sperrung-marktweg","item-wrap"],"aioseo_notices":[],"jetpack_publicize_connections":[],"jetpack_featured_media_url":"https:\/\/fischenich.cdu-huerth.de\/wp-content\/uploads\/2014\/08\/Winkler-Small-e1457013773117.jpg","jetpack_sharing_enabled":true,"jetpack_shortlink":"https:\/\/wp.me\/paa5yn-bO","publishpress_future_action":{"enabled":false,"date":"2026-05-04 15:02:36","action":"change-status","newStatus":"draft","terms":[],"taxonomy":"category","extraData":[]},"publishpress_future_workflow_manual_trigger":{"enabledWorkflows":[]},"_links":{"self":[{"href":"https:\/\/fischenich.cdu-huerth.de\/index.php?rest_route=\/wp\/v2\/posts\/732","targetHints":{"allow":["GET"]}}],"collection":[{"href":"https:\/\/fischenich.cdu-huerth.de\/index.php?rest_route=\/wp\/v2\/posts"}],"about":[{"href":"https:\/\/fischenich.cdu-huerth.de\/index.php?rest_route=\/wp\/v2\/types\/post"}],"author":[{"embeddable":true,"href":"https:\/\/fischenich.cdu-huerth.de\/index.php?rest_route=\/wp\/v2\/users\/6"}],"replies":[{"embeddable":true,"href":"https:\/\/fischenich.cdu-huerth.de\/index.php?rest_route=%2Fwp%2Fv2%2Fcomments&post=732"}],"version-history":[{"count":1,"href":"https:\/\/fischenich.cdu-huerth.de\/index.php?rest_route=\/wp\/v2\/posts\/732\/revisions"}],"predecessor-version":[{"id":735,"href":"https:\/\/fischenich.cdu-huerth.de\/index.php?rest_route=\/wp\/v2\/posts\/732\/revisions\/735"}],"wp:featuredmedia":[{"embeddable":true,"href":"https:\/\/fischenich.cdu-huerth.de\/index.php?rest_route=\/wp\/v2\/media\/734"}],"wp:attachment":[{"href":"https:\/\/fischenich.cdu-huerth.de\/index.php?rest_route=%2Fwp%2Fv2%2Fmedia&parent=732"}],"wp:term":[{"taxonomy":"category","embeddable":true,"href":"https:\/\/fischenich.cdu-huerth.de\/index.php?rest_route=%2Fwp%2Fv2%2Fcategories&post=732"},{"taxonomy":"post_tag","embeddable":true,"href":"https:\/\/fischenich.cdu-huerth.de\/index.php?rest_route=%2Fwp%2Fv2%2Ftags&post=732"}],"curies":[{"name":"wp","href":"https:\/\/api.w.org\/{rel}","templated":true}]}}