{"id":1592,"date":"2025-05-12T10:00:04","date_gmt":"2025-05-12T08:00:04","guid":{"rendered":"https:\/\/fischenich.cdu-huerth.de\/?p=1592"},"modified":"2025-05-12T10:00:07","modified_gmt":"2025-05-12T08:00:07","slug":"tagebau-ganz-nah","status":"publish","type":"post","link":"https:\/\/fischenich.cdu-huerth.de\/?p=1592","title":{"rendered":"Tagebau ganz nah"},"content":{"rendered":"\n\n\n<p>Mit gut 40 Personen ging es am 29.04.25 nach Grevenbroich. Am Rande des&nbsp; Braunkohletagebau Garzweiler wurden wir durch einen Mitarbeiter des RWE im Besucherzentrum erwartet. Nach einem kurzweiligen Vortrag \u00fcber den Tagebau und das gesamte rheinische Revier ging es dann mit dem Bus durch den Tagebau und die angrenzenden Rekultivierungsgebiete. Auch ein Besuch der Aussichtsplattform &#8220;Skywalk&#8221; geh\u00f6rte zum Ausflugsprogramm welches nach gut 3 Stunden sein Ende fand.&nbsp;<br>Nach der erfolgreichen R\u00fcckkehr in Fischenich ging es dann noch gemeinsam in den Breitenbacher Hof, wo sich die Teilnehmer noch bei einem k\u00fchlen Getr\u00e4nk und einem warmen Gericht austauschten.&nbsp;<\/p>\nngg_shortcode_0_placeholder\n<div class=\"facebook_like_button\" style=\"float: right; margin-left: 10px;\"><iframe src=\"http:\/\/www.facebook.com\/plugins\/like.php?href=https%3A%2F%2Ffischenich.cdu-huerth.de%2F%3Fp%3D1592&amp;layout=standard&amp;show_faces=false&amp;action=like&amp;colorscheme=light&amp;width=450\" scrolling=\"no\" frameborder=\"0\" allowTransparency=\"true\" style=\"border:none; overflow:hidden; width:450px; height:40px\"><\/iframe><\/div>","protected":false},"excerpt":{"rendered":"<p>Mit gut 40 Personen ging es am 29.04.25 nach Grevenbroich. Am Rande des&nbsp; Braunkohletagebau Garzweiler wurden wir durch einen Mitarbeiter des RWE im Besucherzentrum erwartet. Nach einem kurzweiligen Vortrag \u00fcber den Tagebau und das gesamte rheinische Revier ging es dann mit dem Bus durch den Tagebau und die angrenzenden Rekultivierungsgebiete. Auch ein Besuch der Aussichtsplattform &hellip; <\/p>\n<p><a class=\"more-link btn\" href=\"https:\/\/fischenich.cdu-huerth.de\/?p=1592\">Weiterlesen<\/a><\/p>\n","protected":false},"author":4,"featured_media":1572,"comment_status":"open","ping_status":"open","sticky":false,"template":"","format":"standard","meta":{"ngg_post_thumbnail":0,"_jetpack_newsletter_access":"","_jetpack_dont_email_post_to_subs":false,"_jetpack_newsletter_tier_id":0,"_jetpack_memberships_contains_paywalled_content":false,"_jetpack_feature_clip_id":0,"_jetpack_memberships_contains_paid_content":false,"footnotes":"","jetpack_publicize_message":"","jetpack_publicize_feature_enabled":true,"jetpack_social_post_already_shared":true,"jetpack_social_options":{"image_generator_settings":{"template":"highway","default_image_id":0,"font":"","enabled":false},"version":2},"jetpack_post_was_ever_published":false},"categories":[71],"tags":[67,86,88,29,87],"class_list":["post-1592","post","type-post","status-publish","format-standard","has-post-thumbnail","hentry","category-exkursion","tag-dirk-schueller","tag-exkursion","tag-garzweiler","tag-rudiger-winkler","tag-tagebau","item-wrap"],"aioseo_notices":[],"aioseo_head":"\n\t\t<!-- All in One SEO 5.0.0.1 - aioseo.com -->\n\t<meta name=\"robots\" content=\"max-image-preview:large\" \/>\n\t<meta name=\"author\" content=\"Dirk Sch\u00fcller\"\/>\n\t<meta name=\"keywords\" content=\"dirk sch\u00fcller,exkursion,garzweiler,r\u00fcdiger winkler,tagebau\" \/>\n\t<link rel=\"canonical\" href=\"https:\/\/fischenich.cdu-huerth.de\/?p=1592\" \/>\n\t<meta name=\"generator\" content=\"All in One SEO (AIOSEO) 5.0.0.1\" \/>\n\t\t<meta property=\"og:locale\" content=\"de_DE\" \/>\n\t\t<meta property=\"og:site_name\" content=\"CDU-Ortsverband Fischenich |\" \/>\n\t\t<meta property=\"og:type\" content=\"article\" \/>\n\t\t<meta property=\"og:title\" content=\"Tagebau ganz nah | CDU-Ortsverband Fischenich\" \/>\n\t\t<meta property=\"og:url\" content=\"https:\/\/fischenich.cdu-huerth.de\/?p=1592\" \/>\n\t\t<meta property=\"article:published_time\" content=\"2025-05-12T08:00:04+00:00\" \/>\n\t\t<meta property=\"article:modified_time\" content=\"2025-05-12T08:00:07+00:00\" \/>\n\t\t<meta name=\"twitter:card\" content=\"summary\" \/>\n\t\t<meta name=\"twitter:title\" content=\"Tagebau ganz nah | CDU-Ortsverband Fischenich\" \/>\n\t\t<script type=\"application\/ld+json\" class=\"aioseo-schema\">\n\t\t\t{\"@context\":\"https:\\\/\\\/schema.org\",\"@graph\":[{\"@type\":\"Article\",\"@id\":\"https:\\\/\\\/fischenich.cdu-huerth.de\\\/?p=1592#article\",\"name\":\"Tagebau ganz nah | CDU-Ortsverband Fischenich\",\"headline\":\"Tagebau ganz nah\",\"author\":{\"@id\":\"https:\\\/\\\/fischenich.cdu-huerth.de\\\/?author=4#author\"},\"publisher\":{\"@id\":\"https:\\\/\\\/fischenich.cdu-huerth.de\\\/#organization\"},\"image\":{\"@type\":\"ImageObject\",\"url\":\"https:\\\/\\\/fischenich.cdu-huerth.de\\\/wp-content\\\/uploads\\\/2025\\\/05\\\/ds_20250429_exkursion-tagebau-garzweiler_062.jpg\",\"width\":1800,\"height\":1200},\"datePublished\":\"2025-05-12T10:00:04+02:00\",\"dateModified\":\"2025-05-12T10:00:07+02:00\",\"inLanguage\":\"de-DE\",\"mainEntityOfPage\":{\"@id\":\"https:\\\/\\\/fischenich.cdu-huerth.de\\\/?p=1592#webpage\"},\"isPartOf\":{\"@id\":\"https:\\\/\\\/fischenich.cdu-huerth.de\\\/?p=1592#webpage\"},\"articleSection\":\"Exkursion, Dirk Sch\\u00fcller, Exkursion, Garzweiler, R\\u00fcdiger Winkler, Tagebau\"},{\"@type\":\"BreadcrumbList\",\"@id\":\"https:\\\/\\\/fischenich.cdu-huerth.de\\\/?p=1592#breadcrumblist\",\"itemListElement\":[{\"@type\":\"ListItem\",\"@id\":\"https:\\\/\\\/fischenich.cdu-huerth.de#listItem\",\"position\":1,\"name\":\"Home\",\"item\":\"https:\\\/\\\/fischenich.cdu-huerth.de\",\"nextItem\":{\"@type\":\"ListItem\",\"@id\":\"https:\\\/\\\/fischenich.cdu-huerth.de\\\/?cat=71#listItem\",\"name\":\"Exkursion\"}},{\"@type\":\"ListItem\",\"@id\":\"https:\\\/\\\/fischenich.cdu-huerth.de\\\/?cat=71#listItem\",\"position\":2,\"name\":\"Exkursion\",\"item\":\"https:\\\/\\\/fischenich.cdu-huerth.de\\\/?cat=71\",\"nextItem\":{\"@type\":\"ListItem\",\"@id\":\"https:\\\/\\\/fischenich.cdu-huerth.de\\\/?p=1592#listItem\",\"name\":\"Tagebau ganz nah\"},\"previousItem\":{\"@type\":\"ListItem\",\"@id\":\"https:\\\/\\\/fischenich.cdu-huerth.de#listItem\",\"name\":\"Home\"}},{\"@type\":\"ListItem\",\"@id\":\"https:\\\/\\\/fischenich.cdu-huerth.de\\\/?p=1592#listItem\",\"position\":3,\"name\":\"Tagebau ganz nah\",\"previousItem\":{\"@type\":\"ListItem\",\"@id\":\"https:\\\/\\\/fischenich.cdu-huerth.de\\\/?cat=71#listItem\",\"name\":\"Exkursion\"}}]},{\"@type\":\"Organization\",\"@id\":\"https:\\\/\\\/fischenich.cdu-huerth.de\\\/#organization\",\"name\":\"CDU-Ortsverband Fischenich\",\"url\":\"https:\\\/\\\/fischenich.cdu-huerth.de\\\/\"},{\"@type\":\"Person\",\"@id\":\"https:\\\/\\\/fischenich.cdu-huerth.de\\\/?author=4#author\",\"url\":\"https:\\\/\\\/fischenich.cdu-huerth.de\\\/?author=4\",\"name\":\"Dirk Sch\\u00fcller\",\"image\":{\"@type\":\"ImageObject\",\"@id\":\"https:\\\/\\\/fischenich.cdu-huerth.de\\\/?p=1592#authorImage\",\"url\":\"https:\\\/\\\/secure.gravatar.com\\\/avatar\\\/9706a3ddd35393a527ee4b0776ab70a05ed33edaf4cf0e6b1e1e678f0a6c05a4?s=96&d=mm&r=g\",\"width\":96,\"height\":96,\"caption\":\"Dirk Sch\\u00fcller\"}},{\"@type\":\"WebPage\",\"@id\":\"https:\\\/\\\/fischenich.cdu-huerth.de\\\/?p=1592#webpage\",\"url\":\"https:\\\/\\\/fischenich.cdu-huerth.de\\\/?p=1592\",\"name\":\"Tagebau ganz nah | CDU-Ortsverband Fischenich\",\"inLanguage\":\"de-DE\",\"isPartOf\":{\"@id\":\"https:\\\/\\\/fischenich.cdu-huerth.de\\\/#website\"},\"breadcrumb\":{\"@id\":\"https:\\\/\\\/fischenich.cdu-huerth.de\\\/?p=1592#breadcrumblist\"},\"author\":{\"@id\":\"https:\\\/\\\/fischenich.cdu-huerth.de\\\/?author=4#author\"},\"creator\":{\"@id\":\"https:\\\/\\\/fischenich.cdu-huerth.de\\\/?author=4#author\"},\"image\":{\"@type\":\"ImageObject\",\"url\":\"https:\\\/\\\/fischenich.cdu-huerth.de\\\/wp-content\\\/uploads\\\/2025\\\/05\\\/ds_20250429_exkursion-tagebau-garzweiler_062.jpg\",\"@id\":\"https:\\\/\\\/fischenich.cdu-huerth.de\\\/?p=1592\\\/#mainImage\",\"width\":1800,\"height\":1200},\"primaryImageOfPage\":{\"@id\":\"https:\\\/\\\/fischenich.cdu-huerth.de\\\/?p=1592#mainImage\"},\"datePublished\":\"2025-05-12T10:00:04+02:00\",\"dateModified\":\"2025-05-12T10:00:07+02:00\"},{\"@type\":\"WebSite\",\"@id\":\"https:\\\/\\\/fischenich.cdu-huerth.de\\\/#website\",\"url\":\"https:\\\/\\\/fischenich.cdu-huerth.de\\\/\",\"name\":\"CDU-Ortsverband Fischenich\",\"inLanguage\":\"de-DE\",\"publisher\":{\"@id\":\"https:\\\/\\\/fischenich.cdu-huerth.de\\\/#organization\"}}]}\n\t\t<\/script>\n\t\t<!-- All in One SEO -->\n\n","aioseo_head_json":{"title":"Tagebau ganz nah | CDU-Ortsverband Fischenich","description":"","canonical_url":"https:\/\/fischenich.cdu-huerth.de\/?p=1592","robots":"max-image-preview:large","keywords":"dirk sch\u00fcller,exkursion,garzweiler,r\u00fcdiger winkler,tagebau","webmasterTools":{"miscellaneous":""},"schema":{"@context":"https:\/\/schema.org","@graph":[{"@type":"Article","@id":"https:\/\/fischenich.cdu-huerth.de\/?p=1592#article","name":"Tagebau ganz nah | CDU-Ortsverband Fischenich","headline":"Tagebau ganz nah","author":{"@id":"https:\/\/fischenich.cdu-huerth.de\/?author=4#author"},"publisher":{"@id":"https:\/\/fischenich.cdu-huerth.de\/#organization"},"image":{"@type":"ImageObject","url":"https:\/\/fischenich.cdu-huerth.de\/wp-content\/uploads\/2025\/05\/ds_20250429_exkursion-tagebau-garzweiler_062.jpg","width":1800,"height":1200},"datePublished":"2025-05-12T10:00:04+02:00","dateModified":"2025-05-12T10:00:07+02:00","inLanguage":"de-DE","mainEntityOfPage":{"@id":"https:\/\/fischenich.cdu-huerth.de\/?p=1592#webpage"},"isPartOf":{"@id":"https:\/\/fischenich.cdu-huerth.de\/?p=1592#webpage"},"articleSection":"Exkursion, Dirk Sch\u00fcller, Exkursion, Garzweiler, R\u00fcdiger Winkler, Tagebau"},{"@type":"BreadcrumbList","@id":"https:\/\/fischenich.cdu-huerth.de\/?p=1592#breadcrumblist","itemListElement":[{"@type":"ListItem","@id":"https:\/\/fischenich.cdu-huerth.de#listItem","position":1,"name":"Home","item":"https:\/\/fischenich.cdu-huerth.de","nextItem":{"@type":"ListItem","@id":"https:\/\/fischenich.cdu-huerth.de\/?cat=71#listItem","name":"Exkursion"}},{"@type":"ListItem","@id":"https:\/\/fischenich.cdu-huerth.de\/?cat=71#listItem","position":2,"name":"Exkursion","item":"https:\/\/fischenich.cdu-huerth.de\/?cat=71","nextItem":{"@type":"ListItem","@id":"https:\/\/fischenich.cdu-huerth.de\/?p=1592#listItem","name":"Tagebau ganz nah"},"previousItem":{"@type":"ListItem","@id":"https:\/\/fischenich.cdu-huerth.de#listItem","name":"Home"}},{"@type":"ListItem","@id":"https:\/\/fischenich.cdu-huerth.de\/?p=1592#listItem","position":3,"name":"Tagebau ganz nah","previousItem":{"@type":"ListItem","@id":"https:\/\/fischenich.cdu-huerth.de\/?cat=71#listItem","name":"Exkursion"}}]},{"@type":"Organization","@id":"https:\/\/fischenich.cdu-huerth.de\/#organization","name":"CDU-Ortsverband Fischenich","url":"https:\/\/fischenich.cdu-huerth.de\/"},{"@type":"Person","@id":"https:\/\/fischenich.cdu-huerth.de\/?author=4#author","url":"https:\/\/fischenich.cdu-huerth.de\/?author=4","name":"Dirk Sch\u00fcller","image":{"@type":"ImageObject","@id":"https:\/\/fischenich.cdu-huerth.de\/?p=1592#authorImage","url":"https:\/\/secure.gravatar.com\/avatar\/9706a3ddd35393a527ee4b0776ab70a05ed33edaf4cf0e6b1e1e678f0a6c05a4?s=96&d=mm&r=g","width":96,"height":96,"caption":"Dirk Sch\u00fcller"}},{"@type":"WebPage","@id":"https:\/\/fischenich.cdu-huerth.de\/?p=1592#webpage","url":"https:\/\/fischenich.cdu-huerth.de\/?p=1592","name":"Tagebau ganz nah | CDU-Ortsverband Fischenich","inLanguage":"de-DE","isPartOf":{"@id":"https:\/\/fischenich.cdu-huerth.de\/#website"},"breadcrumb":{"@id":"https:\/\/fischenich.cdu-huerth.de\/?p=1592#breadcrumblist"},"author":{"@id":"https:\/\/fischenich.cdu-huerth.de\/?author=4#author"},"creator":{"@id":"https:\/\/fischenich.cdu-huerth.de\/?author=4#author"},"image":{"@type":"ImageObject","url":"https:\/\/fischenich.cdu-huerth.de\/wp-content\/uploads\/2025\/05\/ds_20250429_exkursion-tagebau-garzweiler_062.jpg","@id":"https:\/\/fischenich.cdu-huerth.de\/?p=1592\/#mainImage","width":1800,"height":1200},"primaryImageOfPage":{"@id":"https:\/\/fischenich.cdu-huerth.de\/?p=1592#mainImage"},"datePublished":"2025-05-12T10:00:04+02:00","dateModified":"2025-05-12T10:00:07+02:00"},{"@type":"WebSite","@id":"https:\/\/fischenich.cdu-huerth.de\/#website","url":"https:\/\/fischenich.cdu-huerth.de\/","name":"CDU-Ortsverband Fischenich","inLanguage":"de-DE","publisher":{"@id":"https:\/\/fischenich.cdu-huerth.de\/#organization"}}]},"og:locale":"de_DE","og:site_name":"CDU-Ortsverband Fischenich |","og:type":"article","og:title":"Tagebau ganz nah | CDU-Ortsverband Fischenich","og:url":"https:\/\/fischenich.cdu-huerth.de\/?p=1592","article:published_time":"2025-05-12T08:00:04+00:00","article:modified_time":"2025-05-12T08:00:07+00:00","twitter:card":"summary","twitter:title":"Tagebau ganz nah | CDU-Ortsverband Fischenich"},"aioseo_meta_data":{"post_id":"1592","title":null,"description":null,"keywords":null,"keyphrases":{"focus":{"keyphrase":"","score":0,"analysis":{"keyphraseInTitle":{"score":0,"maxScore":9,"error":1}}},"additional":[]},"primary_term":null,"canonical_url":null,"og_title":null,"og_description":null,"og_object_type":"default","og_image_type":"default","og_image_url":null,"og_image_width":null,"og_image_height":null,"og_image_custom_url":null,"og_image_custom_fields":null,"og_video":"","og_custom_url":null,"og_article_section":null,"og_article_tags":null,"twitter_use_og":false,"twitter_card":"default","twitter_image_type":"default","twitter_image_url":null,"twitter_image_custom_url":null,"twitter_image_custom_fields":null,"twitter_title":null,"twitter_description":null,"schema":{"blockGraphs":[],"customGraphs":[],"default":{"data":{"Article":[],"Course":[],"Dataset":[],"FAQPage":[],"Movie":[],"Person":[],"Product":[],"ProductReview":[],"Car":[],"Recipe":[],"Service":[],"SoftwareApplication":[],"WebPage":[]},"graphName":"Article","isEnabled":true},"graphs":[]},"schema_type":"default","schema_type_options":null,"pillar_content":false,"robots_default":true,"robots_noindex":false,"robots_noarchive":false,"robots_nosnippet":false,"robots_nofollow":false,"robots_noimageindex":false,"robots_noodp":false,"robots_notranslate":false,"robots_max_snippet":"-1","robots_max_videopreview":"-1","robots_max_imagepreview":"large","priority":null,"frequency":"default","local_seo":null,"breadcrumb_settings":null,"limit_modified_date":false,"ai":null,"created":"2025-05-12 07:52:20","updated":"2025-06-20 06:46:55","focus_keyword":null,"additional_keywords":null,"truseo_locale":null,"seo_analyzer_scan_date":null},"aioseo_breadcrumb":"<div class=\"aioseo-breadcrumbs\"><span class=\"aioseo-breadcrumb\">\n\t\t\t<a href=\"https:\/\/fischenich.cdu-huerth.de\" title=\"Home\">Home<\/a>\n\t\t<\/span><span class=\"aioseo-breadcrumb-separator\">&raquo;<\/span><span class=\"aioseo-breadcrumb\">\n\t\t\t<a href=\"https:\/\/fischenich.cdu-huerth.de\/?cat=71\" title=\"Exkursion\">Exkursion<\/a>\n\t\t<\/span><span class=\"aioseo-breadcrumb-separator\">&raquo;<\/span><span class=\"aioseo-breadcrumb\">\n\t\t\tTagebau ganz nah\n\t\t<\/span><\/div>","aioseo_breadcrumb_json":[{"label":"Home","link":"https:\/\/fischenich.cdu-huerth.de"},{"label":"Exkursion","link":"https:\/\/fischenich.cdu-huerth.de\/?cat=71"},{"label":"Tagebau ganz nah","link":"https:\/\/fischenich.cdu-huerth.de\/?p=1592"}],"jetpack_publicize_connections":[],"jetpack_sharing_enabled":true,"jetpack_shortlink":"https:\/\/wp.me\/paa5yn-pG","publishpress_future_action":{"enabled":false,"date":"2026-09-12 08:37:07","action":"change-status","newStatus":"draft","terms":[],"taxonomy":"category","extraData":[]},"publishpress_future_workflow_manual_trigger":{"enabledWorkflows":[]},"jetpack_featured_media_url":"https:\/\/fischenich.cdu-huerth.de\/wp-content\/uploads\/2025\/05\/ds_20250429_exkursion-tagebau-garzweiler_062.jpg","_links":{"self":[{"href":"https:\/\/fischenich.cdu-huerth.de\/index.php?rest_route=\/wp\/v2\/posts\/1592","targetHints":{"allow":["GET"]}}],"collection":[{"href":"https:\/\/fischenich.cdu-huerth.de\/index.php?rest_route=\/wp\/v2\/posts"}],"about":[{"href":"https:\/\/fischenich.cdu-huerth.de\/index.php?rest_route=\/wp\/v2\/types\/post"}],"author":[{"embeddable":true,"href":"https:\/\/fischenich.cdu-huerth.de\/index.php?rest_route=\/wp\/v2\/users\/4"}],"replies":[{"embeddable":true,"href":"https:\/\/fischenich.cdu-huerth.de\/index.php?rest_route=%2Fwp%2Fv2%2Fcomments&post=1592"}],"version-history":[{"count":1,"href":"https:\/\/fischenich.cdu-huerth.de\/index.php?rest_route=\/wp\/v2\/posts\/1592\/revisions"}],"predecessor-version":[{"id":1593,"href":"https:\/\/fischenich.cdu-huerth.de\/index.php?rest_route=\/wp\/v2\/posts\/1592\/revisions\/1593"}],"wp:featuredmedia":[{"embeddable":true,"href":"https:\/\/fischenich.cdu-huerth.de\/index.php?rest_route=\/wp\/v2\/media\/1572"}],"wp:attachment":[{"href":"https:\/\/fischenich.cdu-huerth.de\/index.php?rest_route=%2Fwp%2Fv2%2Fmedia&parent=1592"}],"wp:term":[{"taxonomy":"category","embeddable":true,"href":"https:\/\/fischenich.cdu-huerth.de\/index.php?rest_route=%2Fwp%2Fv2%2Fcategories&post=1592"},{"taxonomy":"post_tag","embeddable":true,"href":"https:\/\/fischenich.cdu-huerth.de\/index.php?rest_route=%2Fwp%2Fv2%2Ftags&post=1592"}],"curies":[{"name":"wp","href":"https:\/\/api.w.org\/{rel}","templated":true}]}}