{"id":1522,"date":"2024-10-08T09:40:13","date_gmt":"2024-10-08T07:40:13","guid":{"rendered":"https:\/\/fischenich.cdu-huerth.de\/?p=1522"},"modified":"2025-05-12T09:46:48","modified_gmt":"2025-05-12T07:46:48","slug":"buergerstammtisch-2","status":"publish","type":"post","link":"https:\/\/fischenich.cdu-huerth.de\/?p=1522","title":{"rendered":"B\u00fcrgerstammtisch"},"content":{"rendered":"\n<p>Am 16.10.2024 findet der n\u00e4chste B\u00fcrgerstammtisch der CDU Fischenich statt. Alle interessierten B\u00fcrgerinnen und B\u00fcrger sind herzlich dazu eingeladen. Wir freuen uns auf ihren Besuch.<\/p>\n<p><a href=\"https:\/\/fischenich.cdu-huerth.de\/wp-content\/uploads\/2024\/10\/Buergerstammtisch241016-scaled.jpg\"><img loading=\"lazy\" decoding=\"async\" class=\"aligncenter wp-image-1521 size-large\" src=\"https:\/\/fischenich.cdu-huerth.de\/wp-content\/uploads\/2024\/10\/Buergerstammtisch241016-724x1024.jpg\" alt=\"\" width=\"610\" height=\"863\" srcset=\"https:\/\/fischenich.cdu-huerth.de\/wp-content\/uploads\/2024\/10\/Buergerstammtisch241016-724x1024.jpg 724w, https:\/\/fischenich.cdu-huerth.de\/wp-content\/uploads\/2024\/10\/Buergerstammtisch241016-212x300.jpg 212w, https:\/\/fischenich.cdu-huerth.de\/wp-content\/uploads\/2024\/10\/Buergerstammtisch241016-768x1086.jpg 768w, https:\/\/fischenich.cdu-huerth.de\/wp-content\/uploads\/2024\/10\/Buergerstammtisch241016-1086x1536.jpg 1086w, https:\/\/fischenich.cdu-huerth.de\/wp-content\/uploads\/2024\/10\/Buergerstammtisch241016-1448x2048.jpg 1448w, https:\/\/fischenich.cdu-huerth.de\/wp-content\/uploads\/2024\/10\/Buergerstammtisch241016-610x863.jpg 610w, https:\/\/fischenich.cdu-huerth.de\/wp-content\/uploads\/2024\/10\/Buergerstammtisch241016-scaled.jpg 1810w\" sizes=\"auto, (max-width: 610px) 100vw, 610px\" \/><\/a><\/p>\n<div class=\"facebook_like_button\" style=\"float: right; margin-left: 10px;\"><iframe src=\"http:\/\/www.facebook.com\/plugins\/like.php?href=https%3A%2F%2Ffischenich.cdu-huerth.de%2F%3Fp%3D1522&amp;layout=standard&amp;show_faces=false&amp;action=like&amp;colorscheme=light&amp;width=450\" scrolling=\"no\" frameborder=\"0\" allowTransparency=\"true\" style=\"border:none; overflow:hidden; width:450px; height:40px\"><\/iframe><\/div>","protected":false},"excerpt":{"rendered":"<p>Am 16.10.2024 findet der n\u00e4chste B\u00fcrgerstammtisch der CDU Fischenich statt. Alle interessierten B\u00fcrgerinnen und B\u00fcrger sind herzlich dazu eingeladen. Wir freuen uns auf ihren Besuch.<\/p>\n","protected":false},"author":6,"featured_media":0,"comment_status":"open","ping_status":"open","sticky":false,"template":"","format":"standard","meta":{"ngg_post_thumbnail":0,"jetpack_post_was_ever_published":false,"_jetpack_newsletter_access":"","_jetpack_dont_email_post_to_subs":false,"_jetpack_newsletter_tier_id":0,"_jetpack_memberships_contains_paywalled_content":false,"_jetpack_memberships_contains_paid_content":false,"footnotes":"","jetpack_publicize_message":"","jetpack_publicize_feature_enabled":false,"jetpack_social_post_already_shared":false,"jetpack_social_options":{"image_generator_settings":{"template":"highway","enabled":false},"version":2}},"categories":[1],"tags":[],"class_list":["post-1522","post","type-post","status-publish","format-standard","hentry","category-allgemein","item-wrap"],"aioseo_notices":[],"jetpack_publicize_connections":[],"jetpack_featured_media_url":"","jetpack_sharing_enabled":true,"jetpack_shortlink":"https:\/\/wp.me\/paa5yn-oy","publishpress_future_action":{"enabled":false,"date":"2026-05-06 19:34:35","action":"change-status","newStatus":"draft","terms":[],"taxonomy":"category","extraData":[]},"publishpress_future_workflow_manual_trigger":{"enabledWorkflows":[]},"_links":{"self":[{"href":"https:\/\/fischenich.cdu-huerth.de\/index.php?rest_route=\/wp\/v2\/posts\/1522","targetHints":{"allow":["GET"]}}],"collection":[{"href":"https:\/\/fischenich.cdu-huerth.de\/index.php?rest_route=\/wp\/v2\/posts"}],"about":[{"href":"https:\/\/fischenich.cdu-huerth.de\/index.php?rest_route=\/wp\/v2\/types\/post"}],"author":[{"embeddable":true,"href":"https:\/\/fischenich.cdu-huerth.de\/index.php?rest_route=\/wp\/v2\/users\/6"}],"replies":[{"embeddable":true,"href":"https:\/\/fischenich.cdu-huerth.de\/index.php?rest_route=%2Fwp%2Fv2%2Fcomments&post=1522"}],"version-history":[{"count":1,"href":"https:\/\/fischenich.cdu-huerth.de\/index.php?rest_route=\/wp\/v2\/posts\/1522\/revisions"}],"predecessor-version":[{"id":1523,"href":"https:\/\/fischenich.cdu-huerth.de\/index.php?rest_route=\/wp\/v2\/posts\/1522\/revisions\/1523"}],"wp:attachment":[{"href":"https:\/\/fischenich.cdu-huerth.de\/index.php?rest_route=%2Fwp%2Fv2%2Fmedia&parent=1522"}],"wp:term":[{"taxonomy":"category","embeddable":true,"href":"https:\/\/fischenich.cdu-huerth.de\/index.php?rest_route=%2Fwp%2Fv2%2Fcategories&post=1522"},{"taxonomy":"post_tag","embeddable":true,"href":"https:\/\/fischenich.cdu-huerth.de\/index.php?rest_route=%2Fwp%2Fv2%2Ftags&post=1522"}],"curies":[{"name":"wp","href":"https:\/\/api.w.org\/{rel}","templated":true}]}}