{"id":1517,"date":"2024-06-06T19:09:23","date_gmt":"2024-06-06T17:09:23","guid":{"rendered":"https:\/\/fischenich.cdu-huerth.de\/?p=1517"},"modified":"2025-05-12T09:46:48","modified_gmt":"2025-05-12T07:46:48","slug":"cdu-fischenich-geht-in-die-luft","status":"publish","type":"post","link":"https:\/\/fischenich.cdu-huerth.de\/?p=1517","title":{"rendered":"CDU Fischenich geht in die Luft"},"content":{"rendered":"\n<p><a href=\"https:\/\/fischenich.cdu-huerth.de\/wp-content\/uploads\/2024\/06\/20240606_gruppenbild-noervenich_001-scaled.jpg\"><img loading=\"lazy\" decoding=\"async\" class=\"aligncenter wp-image-1518 size-large\" src=\"https:\/\/fischenich.cdu-huerth.de\/wp-content\/uploads\/2024\/06\/20240606_gruppenbild-noervenich_001-1024x768.jpg\" alt=\"\" width=\"610\" height=\"458\" srcset=\"https:\/\/fischenich.cdu-huerth.de\/wp-content\/uploads\/2024\/06\/20240606_gruppenbild-noervenich_001-1024x768.jpg 1024w, https:\/\/fischenich.cdu-huerth.de\/wp-content\/uploads\/2024\/06\/20240606_gruppenbild-noervenich_001-300x225.jpg 300w, https:\/\/fischenich.cdu-huerth.de\/wp-content\/uploads\/2024\/06\/20240606_gruppenbild-noervenich_001-768x576.jpg 768w, https:\/\/fischenich.cdu-huerth.de\/wp-content\/uploads\/2024\/06\/20240606_gruppenbild-noervenich_001-1536x1152.jpg 1536w, https:\/\/fischenich.cdu-huerth.de\/wp-content\/uploads\/2024\/06\/20240606_gruppenbild-noervenich_001-2048x1536.jpg 2048w, https:\/\/fischenich.cdu-huerth.de\/wp-content\/uploads\/2024\/06\/20240606_gruppenbild-noervenich_001-610x458.jpg 610w\" sizes=\"auto, (max-width: 610px) 100vw, 610px\" \/><\/a><\/p>\n<p>Auf Einladung des Ortsverband Fischenich machten sich am fr\u00fchen Donnerstagmorgen bei bestem Wetter insgesamt 40 Personen auf, um den Fliegerhorst des Taktischen Luftwaffengeschwader 31 Boelcke in N\u00f6rvenich zu besuchen. Vor Ort konnte unsere Besuchergruppe nach einem kurzen Vortrag \u00fcber die Geschichte und den Auftrag des Geschwaders live den Start mehrerer Kampfjets des Typen Eurofighter und Tornado miterleben. Auch der SAR-(Rettungs-)Hubschrauber der in N\u00f6rvenich stationiert ist, gab sich die Ehre mit einem Vorbeiflug.<br>Im Anschluss wurde durch einen technischen Offizier der Eurofighter aus allern\u00e4chster N\u00e4he vorgestellt und Details zu der Technik und Leistungsf\u00e4higkeit des Waffensystems erkl\u00e4rt. Von dort ging es noch zur Flugplatz-Feuerwehr, welche die Bundeswehr auf dem Fliegerhorst betreibt.<br>Nach einem gemeinsamen Mittagessen in der Truppenk\u00fcche war der kurzweilige Tag auch schon wieder vorbei.<\/p>\n<p>Wir bedanken uns herzlichen bei allen Teilnehmern und vor allem bei der Bundeswehr f\u00fcr die Zeit und das geduldige Beantworten der vielen Fragen.<\/p>\n\n\n<div class=\"facebook_like_button\" style=\"float: right; margin-left: 10px;\"><iframe src=\"http:\/\/www.facebook.com\/plugins\/like.php?href=https%3A%2F%2Ffischenich.cdu-huerth.de%2F%3Fp%3D1517&amp;layout=standard&amp;show_faces=false&amp;action=like&amp;colorscheme=light&amp;width=450\" scrolling=\"no\" frameborder=\"0\" allowTransparency=\"true\" style=\"border:none; overflow:hidden; width:450px; height:40px\"><\/iframe><\/div>","protected":false},"excerpt":{"rendered":"<p>Auf Einladung des Ortsverband Fischenich machten sich am fr\u00fchen Donnerstagmorgen bei bestem Wetter insgesamt 40 Personen auf, um den Fliegerhorst des Taktischen Luftwaffengeschwader 31 Boelcke in N\u00f6rvenich zu besuchen. Vor Ort konnte unsere Besuchergruppe nach einem kurzen Vortrag \u00fcber die Geschichte und den Auftrag des Geschwaders live den Start mehrerer Kampfjets des Typen Eurofighter und &hellip; <\/p>\n<p><a class=\"more-link btn\" href=\"https:\/\/fischenich.cdu-huerth.de\/?p=1517\">Weiterlesen<\/a><\/p>\n","protected":false},"author":6,"featured_media":1518,"comment_status":"open","ping_status":"open","sticky":false,"template":"","format":"standard","meta":{"ngg_post_thumbnail":0,"jetpack_post_was_ever_published":false,"_jetpack_newsletter_access":"","_jetpack_dont_email_post_to_subs":false,"_jetpack_newsletter_tier_id":0,"_jetpack_memberships_contains_paywalled_content":false,"_jetpack_memberships_contains_paid_content":false,"footnotes":"","jetpack_publicize_message":"","jetpack_publicize_feature_enabled":false,"jetpack_social_post_already_shared":false,"jetpack_social_options":{"image_generator_settings":{"template":"highway","default_image_id":0,"font":"","enabled":false},"version":2}},"categories":[71],"tags":[],"class_list":["post-1517","post","type-post","status-publish","format-standard","has-post-thumbnail","hentry","category-exkursion","item-wrap"],"aioseo_notices":[],"jetpack_publicize_connections":[],"jetpack_featured_media_url":"https:\/\/fischenich.cdu-huerth.de\/wp-content\/uploads\/2024\/06\/20240606_gruppenbild-noervenich_001-scaled.jpg","jetpack_sharing_enabled":true,"jetpack_shortlink":"https:\/\/wp.me\/paa5yn-ot","publishpress_future_action":{"enabled":false,"date":"2026-05-06 19:45:54","action":"change-status","newStatus":"draft","terms":[],"taxonomy":"category","extraData":[]},"publishpress_future_workflow_manual_trigger":{"enabledWorkflows":[]},"_links":{"self":[{"href":"https:\/\/fischenich.cdu-huerth.de\/index.php?rest_route=\/wp\/v2\/posts\/1517","targetHints":{"allow":["GET"]}}],"collection":[{"href":"https:\/\/fischenich.cdu-huerth.de\/index.php?rest_route=\/wp\/v2\/posts"}],"about":[{"href":"https:\/\/fischenich.cdu-huerth.de\/index.php?rest_route=\/wp\/v2\/types\/post"}],"author":[{"embeddable":true,"href":"https:\/\/fischenich.cdu-huerth.de\/index.php?rest_route=\/wp\/v2\/users\/6"}],"replies":[{"embeddable":true,"href":"https:\/\/fischenich.cdu-huerth.de\/index.php?rest_route=%2Fwp%2Fv2%2Fcomments&post=1517"}],"version-history":[{"count":1,"href":"https:\/\/fischenich.cdu-huerth.de\/index.php?rest_route=\/wp\/v2\/posts\/1517\/revisions"}],"predecessor-version":[{"id":1519,"href":"https:\/\/fischenich.cdu-huerth.de\/index.php?rest_route=\/wp\/v2\/posts\/1517\/revisions\/1519"}],"wp:featuredmedia":[{"embeddable":true,"href":"https:\/\/fischenich.cdu-huerth.de\/index.php?rest_route=\/wp\/v2\/media\/1518"}],"wp:attachment":[{"href":"https:\/\/fischenich.cdu-huerth.de\/index.php?rest_route=%2Fwp%2Fv2%2Fmedia&parent=1517"}],"wp:term":[{"taxonomy":"category","embeddable":true,"href":"https:\/\/fischenich.cdu-huerth.de\/index.php?rest_route=%2Fwp%2Fv2%2Fcategories&post=1517"},{"taxonomy":"post_tag","embeddable":true,"href":"https:\/\/fischenich.cdu-huerth.de\/index.php?rest_route=%2Fwp%2Fv2%2Ftags&post=1517"}],"curies":[{"name":"wp","href":"https:\/\/api.w.org\/{rel}","templated":true}]}}