{"id":1508,"date":"2024-03-21T13:06:29","date_gmt":"2024-03-21T12:06:29","guid":{"rendered":"https:\/\/fischenich.cdu-huerth.de\/?p=1508"},"modified":"2025-05-12T09:46:48","modified_gmt":"2025-05-12T07:46:48","slug":"verkehrsberuhigung-auf-der-bonnstrasse-bleibt-thema","status":"publish","type":"post","link":"https:\/\/fischenich.cdu-huerth.de\/?p=1508","title":{"rendered":"Verkehrsberuhigung auf der Bonnstra\u00dfe bleibt Thema"},"content":{"rendered":"\n<p><strong><a href=\"https:\/\/fischenich.cdu-huerth.de\/wp-content\/uploads\/2024\/03\/bonnstr-3-24.jpg\"><img loading=\"lazy\" decoding=\"async\" class=\"alignleft size-medium wp-image-1509\" src=\"https:\/\/fischenich.cdu-huerth.de\/wp-content\/uploads\/2024\/03\/bonnstr-3-24-300x225.jpg\" alt=\"\" width=\"300\" height=\"225\" srcset=\"https:\/\/fischenich.cdu-huerth.de\/wp-content\/uploads\/2024\/03\/bonnstr-3-24-300x225.jpg 300w, https:\/\/fischenich.cdu-huerth.de\/wp-content\/uploads\/2024\/03\/bonnstr-3-24-1024x768.jpg 1024w, https:\/\/fischenich.cdu-huerth.de\/wp-content\/uploads\/2024\/03\/bonnstr-3-24-768x576.jpg 768w, https:\/\/fischenich.cdu-huerth.de\/wp-content\/uploads\/2024\/03\/bonnstr-3-24-1536x1152.jpg 1536w, https:\/\/fischenich.cdu-huerth.de\/wp-content\/uploads\/2024\/03\/bonnstr-3-24-610x458.jpg 610w, https:\/\/fischenich.cdu-huerth.de\/wp-content\/uploads\/2024\/03\/bonnstr-3-24.jpg 2016w\" sizes=\"auto, (max-width: 300px) 100vw, 300px\" \/><\/a>Landesverkehrsminister und der L\u00e4rmaktionsplan der Stadt sehen L\u00e4rmbel\u00e4stigung als Schwerpunkt <\/strong><\/p>\n<p>Der Verkehrsminister stellt in seinem Antwortschreiben auf ein Schreiben der Fischenicher Ratsmitglieder Dirk Sch\u00fcller und R\u00fcdiger Winkler zun\u00e4chst klar, dass mit einer kurzfristigen Sanierung der Ortsdurchfahrt nicht zu rechnen sei, dies aber weiterhin mit der Stadt er\u00f6rtert w\u00fcrde. Er f\u00fchrt weiter aus, dass die Absenkung der in der StVO festgelegten&nbsp; inner\u00f6rtlichen H\u00f6chstgeschwindigkeit von 50 km\/h insbesondere auf klassifizierten Hauptverkehrsstra\u00dfen nach den Vorschriften des bundeseinheitlichen Stra\u00dfenverkehrsrechts nur schwer durchsetzbar seien.<br>Auf der Bonnstra\u00dfe sei das Unfallgeschehen dazu vergleichsweise unauff\u00e4llig und es liege keine Unfallh\u00e4ufungsstelle vor.<br>Zudem haben, so der Minister, Geschwindigkeitsmessungen ergeben, dass das h\u00f6chstzul\u00e4ssige Geschwindigkeitsniveau im Wesentlichen eingehalten werde. Hieraus folgert der Verkehrsminister, dass auf der Bonnstra\u00dfe in H\u00fcrth-Fischenich keine besondere Gefahrenlage bestehe, mit der die Absenkung der zul\u00e4ssigen H\u00f6chstgeschwindigkeit auf 30 km\/h aus Verkehrssicherheitsgr\u00fcnden rechtssicher angeordnet werden k\u00f6nnte.<br>Die weitere Erkl\u00e4rung des Ministers, dass eine besondere Gefahrenlage allerdings auch in einer erheblichen&nbsp; Verkehrsl\u00e4rmbelastung bestehen k\u00f6nnte, greift die Stadt H\u00fcrth jetzt in dem Entwurf des L\u00e4rmaktionsplanes (LAP) auf, dessen \u00f6ffentliche Auslegung der Planungsausschuss im Februar 2024 beschlossen hat. Die Auslegung erfolgt noch bis zum 14.04.2024 unter dem Link <a href=\"https:\/\/www.o-sp.de\/huerth\/plan?78903\" target=\"_blank\" rel=\"noopener\">https:\/\/www.o-sp.de\/huerth\/plan?78903<\/a><\/p>\n<p>Im Entwurf des L\u00e4rmaktionsplanes wird folgendes festgehalten:<br>\u201eAufgrund der Verkehrsbelastung im Abschnitt s\u00fcdlich des Marktweges zeigen aktuelle Zahlen eine Belastung von rd. 10.000 Kfz\/Tag. Unter Ber\u00fccksichtigung der dichten Bebauung ist dort mit einer h\u00f6heren L\u00e4rmbetroffenheit zu rechnen.<br>Daher wurde der Abschnitt erg\u00e4nzend in den LAP aufgenommen. Es wird empfohlen, die Betroffenheiten dort zus\u00e4tzlich zu \u00fcberpr\u00fcfen (eine l\u00e4rmtechnische Untersuchung durch den Landesbetrieb Stra\u00dfen NRW ist bereits geplant) und eine&nbsp; Geschwindigkeitsreduzierung auf 30 km\/h mit Begr\u00fcndung der Gef\u00e4hrdung der Gesundheit der Anwohnenden&nbsp; anzustreben.\u201c<br>Der Entwurf des LAP weist au\u00dferdem darauf hin, dass sich eine sichere F\u00fchrung des Radverkehrs auf der Fahrbahn&nbsp; anbietet, was sehr wahrscheinlich ebenfalls 30 km\/h voraussetzen w\u00fcrde.<br>\u201eNach vielen Ank\u00fcndigungen durch das Verkehrsministerium und den Landesbetrieb Stra\u00dfen NRW scheint jetzt endlich Bewegung in die Fischenich sehr belastende Angelegenheit \u201eBonnstra\u00dfe\u201c zu kommen. Wir werden uns im Stadtrat und&nbsp; den Aussch\u00fcssen auch weiter sehr intensiv um den Fortgang der angek\u00fcndigten Ma\u00dfnahmen k\u00fcmmern. Wir setzen&nbsp;<br>unsere Hoffnung auch noch auf eine Gesetzesinitiative der Bundesregierung zur \u00c4nderung der Stra\u00dfenverkehrsordnung, mit welcher den Kommunen mehr Handlungsfreiheit bei der Anordnung stadtvertr\u00e4glicher&nbsp; Geschwindigkeitsbeschr\u00e4nkungen einger\u00e4umt werden soll. Dann k\u00f6nnten wir im H\u00fcrther Rat eigenst\u00e4ndig \u00fcber die Geschwindigkeitsregelung entscheiden, stellen Sch\u00fcller und Winkler einhellig fest.<\/p>\n<div class=\"facebook_like_button\" style=\"float: right; margin-left: 10px;\"><iframe src=\"http:\/\/www.facebook.com\/plugins\/like.php?href=https%3A%2F%2Ffischenich.cdu-huerth.de%2F%3Fp%3D1508&amp;layout=standard&amp;show_faces=false&amp;action=like&amp;colorscheme=light&amp;width=450\" scrolling=\"no\" frameborder=\"0\" allowTransparency=\"true\" style=\"border:none; overflow:hidden; width:450px; height:40px\"><\/iframe><\/div>","protected":false},"excerpt":{"rendered":"<p>Landesverkehrsminister und der L\u00e4rmaktionsplan der Stadt sehen L\u00e4rmbel\u00e4stigung als Schwerpunkt Der Verkehrsminister stellt in seinem Antwortschreiben auf ein Schreiben der Fischenicher Ratsmitglieder Dirk Sch\u00fcller und R\u00fcdiger Winkler zun\u00e4chst klar, dass mit einer kurzfristigen Sanierung der Ortsdurchfahrt nicht zu rechnen sei, dies aber weiterhin mit der Stadt er\u00f6rtert w\u00fcrde. Er f\u00fchrt weiter aus, dass die Absenkung &hellip; <\/p>\n<p><a class=\"more-link btn\" href=\"https:\/\/fischenich.cdu-huerth.de\/?p=1508\">Weiterlesen<\/a><\/p>\n","protected":false},"author":6,"featured_media":1509,"comment_status":"open","ping_status":"open","sticky":false,"template":"","format":"standard","meta":{"ngg_post_thumbnail":0,"jetpack_post_was_ever_published":false,"_jetpack_newsletter_access":"","_jetpack_dont_email_post_to_subs":false,"_jetpack_newsletter_tier_id":0,"_jetpack_memberships_contains_paywalled_content":false,"_jetpack_memberships_contains_paid_content":false,"footnotes":"","jetpack_publicize_message":"","jetpack_publicize_feature_enabled":true,"jetpack_social_post_already_shared":true,"jetpack_social_options":{"image_generator_settings":{"template":"highway","default_image_id":0,"font":"","enabled":false},"version":2}},"categories":[15],"tags":[],"class_list":["post-1508","post","type-post","status-publish","format-standard","has-post-thumbnail","hentry","category-ausschuss-fur-planung-u-umwelt","item-wrap"],"aioseo_notices":[],"jetpack_publicize_connections":[],"jetpack_featured_media_url":"https:\/\/fischenich.cdu-huerth.de\/wp-content\/uploads\/2024\/03\/bonnstr-3-24.jpg","jetpack_sharing_enabled":true,"jetpack_shortlink":"https:\/\/wp.me\/paa5yn-ok","publishpress_future_action":{"enabled":false,"date":"2026-05-10 13:00:46","action":"change-status","newStatus":"draft","terms":[],"taxonomy":"category","extraData":[]},"publishpress_future_workflow_manual_trigger":{"enabledWorkflows":[]},"_links":{"self":[{"href":"https:\/\/fischenich.cdu-huerth.de\/index.php?rest_route=\/wp\/v2\/posts\/1508","targetHints":{"allow":["GET"]}}],"collection":[{"href":"https:\/\/fischenich.cdu-huerth.de\/index.php?rest_route=\/wp\/v2\/posts"}],"about":[{"href":"https:\/\/fischenich.cdu-huerth.de\/index.php?rest_route=\/wp\/v2\/types\/post"}],"author":[{"embeddable":true,"href":"https:\/\/fischenich.cdu-huerth.de\/index.php?rest_route=\/wp\/v2\/users\/6"}],"replies":[{"embeddable":true,"href":"https:\/\/fischenich.cdu-huerth.de\/index.php?rest_route=%2Fwp%2Fv2%2Fcomments&post=1508"}],"version-history":[{"count":4,"href":"https:\/\/fischenich.cdu-huerth.de\/index.php?rest_route=\/wp\/v2\/posts\/1508\/revisions"}],"predecessor-version":[{"id":1513,"href":"https:\/\/fischenich.cdu-huerth.de\/index.php?rest_route=\/wp\/v2\/posts\/1508\/revisions\/1513"}],"wp:featuredmedia":[{"embeddable":true,"href":"https:\/\/fischenich.cdu-huerth.de\/index.php?rest_route=\/wp\/v2\/media\/1509"}],"wp:attachment":[{"href":"https:\/\/fischenich.cdu-huerth.de\/index.php?rest_route=%2Fwp%2Fv2%2Fmedia&parent=1508"}],"wp:term":[{"taxonomy":"category","embeddable":true,"href":"https:\/\/fischenich.cdu-huerth.de\/index.php?rest_route=%2Fwp%2Fv2%2Fcategories&post=1508"},{"taxonomy":"post_tag","embeddable":true,"href":"https:\/\/fischenich.cdu-huerth.de\/index.php?rest_route=%2Fwp%2Fv2%2Ftags&post=1508"}],"curies":[{"name":"wp","href":"https:\/\/api.w.org\/{rel}","templated":true}]}}