{"id":1503,"date":"2024-03-24T12:46:56","date_gmt":"2024-03-24T11:46:56","guid":{"rendered":"https:\/\/fischenich.cdu-huerth.de\/?p=1503"},"modified":"2025-05-12T09:46:48","modified_gmt":"2025-05-12T07:46:48","slug":"stammtisch-fuer-buergerinnen-und-buerger","status":"publish","type":"post","link":"https:\/\/fischenich.cdu-huerth.de\/?p=1503","title":{"rendered":"Stammtisch f\u00fcr B\u00fcrgerinnen und B\u00fcrger"},"content":{"rendered":"\n\n\n<p><a href=\"https:\/\/fischenich.cdu-huerth.de\/wp-content\/uploads\/2024\/03\/buergerstammtisch1-24.jpg\"><img loading=\"lazy\" decoding=\"async\" class=\"alignleft size-medium wp-image-1504\" src=\"https:\/\/fischenich.cdu-huerth.de\/wp-content\/uploads\/2024\/03\/buergerstammtisch1-24-300x225.jpg\" alt=\"\" width=\"300\" height=\"225\" srcset=\"https:\/\/fischenich.cdu-huerth.de\/wp-content\/uploads\/2024\/03\/buergerstammtisch1-24-300x225.jpg 300w, https:\/\/fischenich.cdu-huerth.de\/wp-content\/uploads\/2024\/03\/buergerstammtisch1-24-1024x768.jpg 1024w, https:\/\/fischenich.cdu-huerth.de\/wp-content\/uploads\/2024\/03\/buergerstammtisch1-24-768x576.jpg 768w, https:\/\/fischenich.cdu-huerth.de\/wp-content\/uploads\/2024\/03\/buergerstammtisch1-24-1536x1152.jpg 1536w, https:\/\/fischenich.cdu-huerth.de\/wp-content\/uploads\/2024\/03\/buergerstammtisch1-24-610x458.jpg 610w, https:\/\/fischenich.cdu-huerth.de\/wp-content\/uploads\/2024\/03\/buergerstammtisch1-24.jpg 1600w\" sizes=\"auto, (max-width: 300px) 100vw, 300px\" \/><\/a>Gut besucht war der kleine Saal im Breitenbacher Hof als die Fischenicher Ratsherren Dirk Sch\u00fcller und R\u00fcdiger Winkler \u00fcber die Neuigkeiten aus dem H\u00fcrther Stadtrat berichteten. Im Mittelpunkt standen nat\u00fcrlich die Fischenicher Themen wie zum Beispiel der Ausbau der Martinusschule, die Verkehrssituation auf der Bonnstra\u00dfe und Bauma\u00dfnahmen<br>der Bahn. Auch \u00fcbergreifende Themen, wie der st\u00e4dtische Haushaltsplan standen auf der Tagesordnung.<br>Die stellvertretende CDU Fraktions- und Stadtverbandsvorsitzende Gudrun Baer berichtete schlie\u00dflich \u00fcber die ver\u00e4nderte Parteienlandschaft und die im Juni dieses Jahres anstehende Europawahl.<br>Sp\u00e4testens im Herbst wird von den Fischenicher Stadtverordneten wieder zu einem Stammtisch eingeladen.<\/p>\n<div class=\"facebook_like_button\" style=\"float: right; margin-left: 10px;\"><iframe src=\"http:\/\/www.facebook.com\/plugins\/like.php?href=https%3A%2F%2Ffischenich.cdu-huerth.de%2F%3Fp%3D1503&amp;layout=standard&amp;show_faces=false&amp;action=like&amp;colorscheme=light&amp;width=450\" scrolling=\"no\" frameborder=\"0\" allowTransparency=\"true\" style=\"border:none; overflow:hidden; width:450px; height:40px\"><\/iframe><\/div>","protected":false},"excerpt":{"rendered":"<p>Gut besucht war der kleine Saal im Breitenbacher Hof als die Fischenicher Ratsherren Dirk Sch\u00fcller und R\u00fcdiger Winkler \u00fcber die Neuigkeiten aus dem H\u00fcrther Stadtrat berichteten. Im Mittelpunkt standen nat\u00fcrlich die Fischenicher Themen wie zum Beispiel der Ausbau der Martinusschule, die Verkehrssituation auf der Bonnstra\u00dfe und Bauma\u00dfnahmender Bahn. Auch \u00fcbergreifende Themen, wie der st\u00e4dtische Haushaltsplan &hellip; <\/p>\n<p><a class=\"more-link btn\" href=\"https:\/\/fischenich.cdu-huerth.de\/?p=1503\">Weiterlesen<\/a><\/p>\n","protected":false},"author":6,"featured_media":0,"comment_status":"open","ping_status":"open","sticky":false,"template":"","format":"standard","meta":{"ngg_post_thumbnail":0,"jetpack_post_was_ever_published":false,"_jetpack_newsletter_access":"","_jetpack_dont_email_post_to_subs":false,"_jetpack_newsletter_tier_id":0,"_jetpack_memberships_contains_paywalled_content":false,"_jetpack_memberships_contains_paid_content":false,"footnotes":"","jetpack_publicize_message":"","jetpack_publicize_feature_enabled":true,"jetpack_social_post_already_shared":true,"jetpack_social_options":{"image_generator_settings":{"template":"highway","default_image_id":0,"font":"","enabled":false},"version":2}},"categories":[61],"tags":[],"class_list":["post-1503","post","type-post","status-publish","format-standard","hentry","category-buergerstammtisch","item-wrap"],"aioseo_notices":[],"jetpack_publicize_connections":[],"jetpack_featured_media_url":"","jetpack_sharing_enabled":true,"jetpack_shortlink":"https:\/\/wp.me\/paa5yn-of","publishpress_future_action":{"enabled":false,"date":"2026-05-10 11:41:37","action":"change-status","newStatus":"draft","terms":[],"taxonomy":"category","extraData":[]},"publishpress_future_workflow_manual_trigger":{"enabledWorkflows":[]},"_links":{"self":[{"href":"https:\/\/fischenich.cdu-huerth.de\/index.php?rest_route=\/wp\/v2\/posts\/1503","targetHints":{"allow":["GET"]}}],"collection":[{"href":"https:\/\/fischenich.cdu-huerth.de\/index.php?rest_route=\/wp\/v2\/posts"}],"about":[{"href":"https:\/\/fischenich.cdu-huerth.de\/index.php?rest_route=\/wp\/v2\/types\/post"}],"author":[{"embeddable":true,"href":"https:\/\/fischenich.cdu-huerth.de\/index.php?rest_route=\/wp\/v2\/users\/6"}],"replies":[{"embeddable":true,"href":"https:\/\/fischenich.cdu-huerth.de\/index.php?rest_route=%2Fwp%2Fv2%2Fcomments&post=1503"}],"version-history":[{"count":1,"href":"https:\/\/fischenich.cdu-huerth.de\/index.php?rest_route=\/wp\/v2\/posts\/1503\/revisions"}],"predecessor-version":[{"id":1505,"href":"https:\/\/fischenich.cdu-huerth.de\/index.php?rest_route=\/wp\/v2\/posts\/1503\/revisions\/1505"}],"wp:attachment":[{"href":"https:\/\/fischenich.cdu-huerth.de\/index.php?rest_route=%2Fwp%2Fv2%2Fmedia&parent=1503"}],"wp:term":[{"taxonomy":"category","embeddable":true,"href":"https:\/\/fischenich.cdu-huerth.de\/index.php?rest_route=%2Fwp%2Fv2%2Fcategories&post=1503"},{"taxonomy":"post_tag","embeddable":true,"href":"https:\/\/fischenich.cdu-huerth.de\/index.php?rest_route=%2Fwp%2Fv2%2Ftags&post=1503"}],"curies":[{"name":"wp","href":"https:\/\/api.w.org\/{rel}","templated":true}]}}