{"id":1486,"date":"2024-01-12T14:53:48","date_gmt":"2024-01-12T13:53:48","guid":{"rendered":"https:\/\/fischenich.cdu-huerth.de\/?p=1486"},"modified":"2025-05-12T09:46:48","modified_gmt":"2025-05-12T07:46:48","slug":"bau-der-radwegeverbindung-beginnt","status":"publish","type":"post","link":"https:\/\/fischenich.cdu-huerth.de\/?p=1486","title":{"rendered":"Bau der Radwegeverbindung beginnt"},"content":{"rendered":"\n<p><a href=\"https:\/\/fischenich.cdu-huerth.de\/wp-content\/uploads\/2024\/01\/20240112_bonnstrstadtbahn.jpg\"><img loading=\"lazy\" decoding=\"async\" class=\"alignleft size-medium wp-image-1488\" src=\"https:\/\/fischenich.cdu-huerth.de\/wp-content\/uploads\/2024\/01\/20240112_bonnstrstadtbahn-300x225.jpg\" alt=\"\" width=\"300\" height=\"225\" srcset=\"https:\/\/fischenich.cdu-huerth.de\/wp-content\/uploads\/2024\/01\/20240112_bonnstrstadtbahn-300x225.jpg 300w, https:\/\/fischenich.cdu-huerth.de\/wp-content\/uploads\/2024\/01\/20240112_bonnstrstadtbahn-1024x768.jpg 1024w, https:\/\/fischenich.cdu-huerth.de\/wp-content\/uploads\/2024\/01\/20240112_bonnstrstadtbahn-768x576.jpg 768w, https:\/\/fischenich.cdu-huerth.de\/wp-content\/uploads\/2024\/01\/20240112_bonnstrstadtbahn-1536x1152.jpg 1536w, https:\/\/fischenich.cdu-huerth.de\/wp-content\/uploads\/2024\/01\/20240112_bonnstrstadtbahn-610x458.jpg 610w, https:\/\/fischenich.cdu-huerth.de\/wp-content\/uploads\/2024\/01\/20240112_bonnstrstadtbahn.jpg 1800w\" sizes=\"auto, (max-width: 300px) 100vw, 300px\" \/><\/a>Am Montag, den 15.01.2024 beginnen die ersten Arbeiten f\u00fcr die neue Radwegeverbindung entlang der Stadtbahnlinie 18. Bis zum 31.03.2024 wird im ersten Schritt in H\u00fcrth-Fischenich eine Querungshilfe \u00fcber die Bonnstrasse erstellt. Geplant ist dann ab Mai 2024 der Bau des eigentlichen Radweges sowie des Br\u00fcckenbauwerks im weiteren Verlauf des neuen Weges \u00fcber die B265n. Im Vorfeld muss allerdings noch ein Hochspannungsmast im direkten Umfeld der Bahnhaltestelle Fischenich durch eine Fremdfirma demontiert werden.&nbsp;<\/p>\n<div class=\"facebook_like_button\" style=\"float: right; margin-left: 10px;\"><iframe src=\"http:\/\/www.facebook.com\/plugins\/like.php?href=https%3A%2F%2Ffischenich.cdu-huerth.de%2F%3Fp%3D1486&amp;layout=standard&amp;show_faces=false&amp;action=like&amp;colorscheme=light&amp;width=450\" scrolling=\"no\" frameborder=\"0\" allowTransparency=\"true\" style=\"border:none; overflow:hidden; width:450px; height:40px\"><\/iframe><\/div>","protected":false},"excerpt":{"rendered":"<p>Am Montag, den 15.01.2024 beginnen die ersten Arbeiten f\u00fcr die neue Radwegeverbindung entlang der Stadtbahnlinie 18. Bis zum 31.03.2024 wird im ersten Schritt in H\u00fcrth-Fischenich eine Querungshilfe \u00fcber die Bonnstrasse erstellt. Geplant ist dann ab Mai 2024 der Bau des eigentlichen Radweges sowie des Br\u00fcckenbauwerks im weiteren Verlauf des neuen Weges \u00fcber die B265n. Im &hellip; <\/p>\n<p><a class=\"more-link btn\" href=\"https:\/\/fischenich.cdu-huerth.de\/?p=1486\">Weiterlesen<\/a><\/p>\n","protected":false},"author":6,"featured_media":1488,"comment_status":"open","ping_status":"open","sticky":false,"template":"","format":"standard","meta":{"ngg_post_thumbnail":0,"_jetpack_newsletter_access":"","_jetpack_dont_email_post_to_subs":false,"_jetpack_newsletter_tier_id":0,"_jetpack_memberships_contains_paywalled_content":false,"_jetpack_feature_clip_id":0,"_jetpack_memberships_contains_paid_content":false,"footnotes":"","jetpack_publicize_message":"","jetpack_publicize_feature_enabled":true,"jetpack_social_post_already_shared":true,"jetpack_social_options":{"image_generator_settings":{"template":"highway","default_image_id":0,"font":"","enabled":false},"version":2},"jetpack_post_was_ever_published":false},"categories":[15],"tags":[],"class_list":["post-1486","post","type-post","status-publish","format-standard","has-post-thumbnail","hentry","category-ausschuss-fur-planung-u-umwelt","item-wrap"],"aioseo_notices":[],"aioseo_head":"\n\t\t<!-- All in One SEO 5.0.0.1 - aioseo.com -->\n\t<meta name=\"robots\" content=\"max-image-preview:large\" \/>\n\t<meta name=\"author\" content=\"Autor\"\/>\n\t<link rel=\"canonical\" href=\"https:\/\/fischenich.cdu-huerth.de\/?p=1486\" \/>\n\t<meta name=\"generator\" content=\"All in One SEO (AIOSEO) 5.0.0.1\" \/>\n\t\t<meta property=\"og:locale\" content=\"de_DE\" \/>\n\t\t<meta property=\"og:site_name\" content=\"CDU-Ortsverband Fischenich |\" \/>\n\t\t<meta property=\"og:type\" content=\"article\" \/>\n\t\t<meta property=\"og:title\" content=\"Bau der Radwegeverbindung beginnt | CDU-Ortsverband Fischenich\" \/>\n\t\t<meta property=\"og:url\" content=\"https:\/\/fischenich.cdu-huerth.de\/?p=1486\" \/>\n\t\t<meta property=\"article:published_time\" content=\"2024-01-12T13:53:48+00:00\" \/>\n\t\t<meta property=\"article:modified_time\" content=\"2025-05-12T07:46:48+00:00\" \/>\n\t\t<meta name=\"twitter:card\" content=\"summary\" \/>\n\t\t<meta name=\"twitter:title\" content=\"Bau der Radwegeverbindung beginnt | CDU-Ortsverband Fischenich\" \/>\n\t\t<script type=\"application\/ld+json\" class=\"aioseo-schema\">\n\t\t\t{\"@context\":\"https:\\\/\\\/schema.org\",\"@graph\":[{\"@type\":\"Article\",\"@id\":\"https:\\\/\\\/fischenich.cdu-huerth.de\\\/?p=1486#article\",\"name\":\"Bau der Radwegeverbindung beginnt | CDU-Ortsverband Fischenich\",\"headline\":\"Bau der Radwegeverbindung beginnt\",\"author\":{\"@id\":\"https:\\\/\\\/fischenich.cdu-huerth.de\\\/?author=6#author\"},\"publisher\":{\"@id\":\"https:\\\/\\\/fischenich.cdu-huerth.de\\\/#organization\"},\"image\":{\"@type\":\"ImageObject\",\"url\":\"https:\\\/\\\/fischenich.cdu-huerth.de\\\/wp-content\\\/uploads\\\/2024\\\/01\\\/20240112_bonnstrstadtbahn.jpg\",\"width\":1800,\"height\":1350},\"datePublished\":\"2024-01-12T14:53:48+01:00\",\"dateModified\":\"2025-05-12T09:46:48+02:00\",\"inLanguage\":\"de-DE\",\"mainEntityOfPage\":{\"@id\":\"https:\\\/\\\/fischenich.cdu-huerth.de\\\/?p=1486#webpage\"},\"isPartOf\":{\"@id\":\"https:\\\/\\\/fischenich.cdu-huerth.de\\\/?p=1486#webpage\"},\"articleSection\":\"Ausschuss f\\u00fcr Planung u. Umwelt\"},{\"@type\":\"BreadcrumbList\",\"@id\":\"https:\\\/\\\/fischenich.cdu-huerth.de\\\/?p=1486#breadcrumblist\",\"itemListElement\":[{\"@type\":\"ListItem\",\"@id\":\"https:\\\/\\\/fischenich.cdu-huerth.de#listItem\",\"position\":1,\"name\":\"Home\",\"item\":\"https:\\\/\\\/fischenich.cdu-huerth.de\",\"nextItem\":{\"@type\":\"ListItem\",\"@id\":\"https:\\\/\\\/fischenich.cdu-huerth.de\\\/?cat=15#listItem\",\"name\":\"Ausschuss f\\u00fcr Planung u. Umwelt\"}},{\"@type\":\"ListItem\",\"@id\":\"https:\\\/\\\/fischenich.cdu-huerth.de\\\/?cat=15#listItem\",\"position\":2,\"name\":\"Ausschuss f\\u00fcr Planung u. Umwelt\",\"item\":\"https:\\\/\\\/fischenich.cdu-huerth.de\\\/?cat=15\",\"nextItem\":{\"@type\":\"ListItem\",\"@id\":\"https:\\\/\\\/fischenich.cdu-huerth.de\\\/?p=1486#listItem\",\"name\":\"Bau der Radwegeverbindung beginnt\"},\"previousItem\":{\"@type\":\"ListItem\",\"@id\":\"https:\\\/\\\/fischenich.cdu-huerth.de#listItem\",\"name\":\"Home\"}},{\"@type\":\"ListItem\",\"@id\":\"https:\\\/\\\/fischenich.cdu-huerth.de\\\/?p=1486#listItem\",\"position\":3,\"name\":\"Bau der Radwegeverbindung beginnt\",\"previousItem\":{\"@type\":\"ListItem\",\"@id\":\"https:\\\/\\\/fischenich.cdu-huerth.de\\\/?cat=15#listItem\",\"name\":\"Ausschuss f\\u00fcr Planung u. Umwelt\"}}]},{\"@type\":\"Organization\",\"@id\":\"https:\\\/\\\/fischenich.cdu-huerth.de\\\/#organization\",\"name\":\"CDU-Ortsverband Fischenich\",\"url\":\"https:\\\/\\\/fischenich.cdu-huerth.de\\\/\"},{\"@type\":\"Person\",\"@id\":\"https:\\\/\\\/fischenich.cdu-huerth.de\\\/?author=6#author\",\"url\":\"https:\\\/\\\/fischenich.cdu-huerth.de\\\/?author=6\",\"name\":\"Autor\",\"image\":{\"@type\":\"ImageObject\",\"@id\":\"https:\\\/\\\/fischenich.cdu-huerth.de\\\/?p=1486#authorImage\",\"url\":\"https:\\\/\\\/secure.gravatar.com\\\/avatar\\\/85983e1a3b8cf0e2e5b56152bf2d8eeae9382b3f9b2d1b7a4d7d80d49b0dea8b?s=96&d=mm&r=g\",\"width\":96,\"height\":96,\"caption\":\"Autor\"}},{\"@type\":\"WebPage\",\"@id\":\"https:\\\/\\\/fischenich.cdu-huerth.de\\\/?p=1486#webpage\",\"url\":\"https:\\\/\\\/fischenich.cdu-huerth.de\\\/?p=1486\",\"name\":\"Bau der Radwegeverbindung beginnt | CDU-Ortsverband Fischenich\",\"inLanguage\":\"de-DE\",\"isPartOf\":{\"@id\":\"https:\\\/\\\/fischenich.cdu-huerth.de\\\/#website\"},\"breadcrumb\":{\"@id\":\"https:\\\/\\\/fischenich.cdu-huerth.de\\\/?p=1486#breadcrumblist\"},\"author\":{\"@id\":\"https:\\\/\\\/fischenich.cdu-huerth.de\\\/?author=6#author\"},\"creator\":{\"@id\":\"https:\\\/\\\/fischenich.cdu-huerth.de\\\/?author=6#author\"},\"image\":{\"@type\":\"ImageObject\",\"url\":\"https:\\\/\\\/fischenich.cdu-huerth.de\\\/wp-content\\\/uploads\\\/2024\\\/01\\\/20240112_bonnstrstadtbahn.jpg\",\"@id\":\"https:\\\/\\\/fischenich.cdu-huerth.de\\\/?p=1486\\\/#mainImage\",\"width\":1800,\"height\":1350},\"primaryImageOfPage\":{\"@id\":\"https:\\\/\\\/fischenich.cdu-huerth.de\\\/?p=1486#mainImage\"},\"datePublished\":\"2024-01-12T14:53:48+01:00\",\"dateModified\":\"2025-05-12T09:46:48+02:00\"},{\"@type\":\"WebSite\",\"@id\":\"https:\\\/\\\/fischenich.cdu-huerth.de\\\/#website\",\"url\":\"https:\\\/\\\/fischenich.cdu-huerth.de\\\/\",\"name\":\"CDU-Ortsverband Fischenich\",\"inLanguage\":\"de-DE\",\"publisher\":{\"@id\":\"https:\\\/\\\/fischenich.cdu-huerth.de\\\/#organization\"}}]}\n\t\t<\/script>\n\t\t<!-- All in One SEO -->\n\n","aioseo_head_json":{"title":"Bau der Radwegeverbindung beginnt | CDU-Ortsverband Fischenich","description":"","canonical_url":"https:\/\/fischenich.cdu-huerth.de\/?p=1486","robots":"max-image-preview:large","keywords":"","webmasterTools":{"miscellaneous":""},"schema":{"@context":"https:\/\/schema.org","@graph":[{"@type":"Article","@id":"https:\/\/fischenich.cdu-huerth.de\/?p=1486#article","name":"Bau der Radwegeverbindung beginnt | CDU-Ortsverband Fischenich","headline":"Bau der Radwegeverbindung beginnt","author":{"@id":"https:\/\/fischenich.cdu-huerth.de\/?author=6#author"},"publisher":{"@id":"https:\/\/fischenich.cdu-huerth.de\/#organization"},"image":{"@type":"ImageObject","url":"https:\/\/fischenich.cdu-huerth.de\/wp-content\/uploads\/2024\/01\/20240112_bonnstrstadtbahn.jpg","width":1800,"height":1350},"datePublished":"2024-01-12T14:53:48+01:00","dateModified":"2025-05-12T09:46:48+02:00","inLanguage":"de-DE","mainEntityOfPage":{"@id":"https:\/\/fischenich.cdu-huerth.de\/?p=1486#webpage"},"isPartOf":{"@id":"https:\/\/fischenich.cdu-huerth.de\/?p=1486#webpage"},"articleSection":"Ausschuss f\u00fcr Planung u. Umwelt"},{"@type":"BreadcrumbList","@id":"https:\/\/fischenich.cdu-huerth.de\/?p=1486#breadcrumblist","itemListElement":[{"@type":"ListItem","@id":"https:\/\/fischenich.cdu-huerth.de#listItem","position":1,"name":"Home","item":"https:\/\/fischenich.cdu-huerth.de","nextItem":{"@type":"ListItem","@id":"https:\/\/fischenich.cdu-huerth.de\/?cat=15#listItem","name":"Ausschuss f\u00fcr Planung u. Umwelt"}},{"@type":"ListItem","@id":"https:\/\/fischenich.cdu-huerth.de\/?cat=15#listItem","position":2,"name":"Ausschuss f\u00fcr Planung u. Umwelt","item":"https:\/\/fischenich.cdu-huerth.de\/?cat=15","nextItem":{"@type":"ListItem","@id":"https:\/\/fischenich.cdu-huerth.de\/?p=1486#listItem","name":"Bau der Radwegeverbindung beginnt"},"previousItem":{"@type":"ListItem","@id":"https:\/\/fischenich.cdu-huerth.de#listItem","name":"Home"}},{"@type":"ListItem","@id":"https:\/\/fischenich.cdu-huerth.de\/?p=1486#listItem","position":3,"name":"Bau der Radwegeverbindung beginnt","previousItem":{"@type":"ListItem","@id":"https:\/\/fischenich.cdu-huerth.de\/?cat=15#listItem","name":"Ausschuss f\u00fcr Planung u. Umwelt"}}]},{"@type":"Organization","@id":"https:\/\/fischenich.cdu-huerth.de\/#organization","name":"CDU-Ortsverband Fischenich","url":"https:\/\/fischenich.cdu-huerth.de\/"},{"@type":"Person","@id":"https:\/\/fischenich.cdu-huerth.de\/?author=6#author","url":"https:\/\/fischenich.cdu-huerth.de\/?author=6","name":"Autor","image":{"@type":"ImageObject","@id":"https:\/\/fischenich.cdu-huerth.de\/?p=1486#authorImage","url":"https:\/\/secure.gravatar.com\/avatar\/85983e1a3b8cf0e2e5b56152bf2d8eeae9382b3f9b2d1b7a4d7d80d49b0dea8b?s=96&d=mm&r=g","width":96,"height":96,"caption":"Autor"}},{"@type":"WebPage","@id":"https:\/\/fischenich.cdu-huerth.de\/?p=1486#webpage","url":"https:\/\/fischenich.cdu-huerth.de\/?p=1486","name":"Bau der Radwegeverbindung beginnt | CDU-Ortsverband Fischenich","inLanguage":"de-DE","isPartOf":{"@id":"https:\/\/fischenich.cdu-huerth.de\/#website"},"breadcrumb":{"@id":"https:\/\/fischenich.cdu-huerth.de\/?p=1486#breadcrumblist"},"author":{"@id":"https:\/\/fischenich.cdu-huerth.de\/?author=6#author"},"creator":{"@id":"https:\/\/fischenich.cdu-huerth.de\/?author=6#author"},"image":{"@type":"ImageObject","url":"https:\/\/fischenich.cdu-huerth.de\/wp-content\/uploads\/2024\/01\/20240112_bonnstrstadtbahn.jpg","@id":"https:\/\/fischenich.cdu-huerth.de\/?p=1486\/#mainImage","width":1800,"height":1350},"primaryImageOfPage":{"@id":"https:\/\/fischenich.cdu-huerth.de\/?p=1486#mainImage"},"datePublished":"2024-01-12T14:53:48+01:00","dateModified":"2025-05-12T09:46:48+02:00"},{"@type":"WebSite","@id":"https:\/\/fischenich.cdu-huerth.de\/#website","url":"https:\/\/fischenich.cdu-huerth.de\/","name":"CDU-Ortsverband Fischenich","inLanguage":"de-DE","publisher":{"@id":"https:\/\/fischenich.cdu-huerth.de\/#organization"}}]},"og:locale":"de_DE","og:site_name":"CDU-Ortsverband Fischenich |","og:type":"article","og:title":"Bau der Radwegeverbindung beginnt | CDU-Ortsverband Fischenich","og:url":"https:\/\/fischenich.cdu-huerth.de\/?p=1486","article:published_time":"2024-01-12T13:53:48+00:00","article:modified_time":"2025-05-12T07:46:48+00:00","twitter:card":"summary","twitter:title":"Bau der Radwegeverbindung beginnt | CDU-Ortsverband Fischenich"},"aioseo_meta_data":{"post_id":"1486","title":null,"description":null,"keywords":[],"keyphrases":{"focus":{"keyphrase":"","score":0,"analysis":{"keyphraseInTitle":{"score":0,"maxScore":9,"error":1}}},"additional":[]},"primary_term":null,"canonical_url":null,"og_title":null,"og_description":null,"og_object_type":"default","og_image_type":"default","og_image_url":null,"og_image_width":null,"og_image_height":null,"og_image_custom_url":null,"og_image_custom_fields":null,"og_video":"","og_custom_url":null,"og_article_section":null,"og_article_tags":[],"twitter_use_og":false,"twitter_card":"default","twitter_image_type":"default","twitter_image_url":null,"twitter_image_custom_url":null,"twitter_image_custom_fields":null,"twitter_title":null,"twitter_description":null,"schema":{"blockGraphs":[],"customGraphs":[],"default":{"data":{"Article":[],"Course":[],"Dataset":[],"FAQPage":[],"Movie":[],"Person":[],"Product":[],"ProductReview":[],"Car":[],"Recipe":[],"Service":[],"SoftwareApplication":[],"WebPage":[]},"graphName":"Article","isEnabled":true},"graphs":[]},"schema_type":"default","schema_type_options":null,"pillar_content":false,"robots_default":true,"robots_noindex":false,"robots_noarchive":false,"robots_nosnippet":false,"robots_nofollow":false,"robots_noimageindex":false,"robots_noodp":false,"robots_notranslate":false,"robots_max_snippet":"-1","robots_max_videopreview":"-1","robots_max_imagepreview":"large","priority":null,"frequency":"default","local_seo":null,"breadcrumb_settings":null,"limit_modified_date":false,"ai":null,"created":"2024-01-12 06:39:54","updated":"2025-06-20 06:43:23","focus_keyword":null,"additional_keywords":null,"truseo_locale":null,"seo_analyzer_scan_date":null},"aioseo_breadcrumb":"<div class=\"aioseo-breadcrumbs\"><span class=\"aioseo-breadcrumb\">\n\t\t\t<a href=\"https:\/\/fischenich.cdu-huerth.de\" title=\"Home\">Home<\/a>\n\t\t<\/span><span class=\"aioseo-breadcrumb-separator\">&raquo;<\/span><span class=\"aioseo-breadcrumb\">\n\t\t\t<a href=\"https:\/\/fischenich.cdu-huerth.de\/?cat=15\" title=\"Ausschuss f\u00fcr Planung u. Umwelt\">Ausschuss f\u00fcr Planung u. Umwelt<\/a>\n\t\t<\/span><span class=\"aioseo-breadcrumb-separator\">&raquo;<\/span><span class=\"aioseo-breadcrumb\">\n\t\t\tBau der Radwegeverbindung beginnt\n\t\t<\/span><\/div>","aioseo_breadcrumb_json":[{"label":"Home","link":"https:\/\/fischenich.cdu-huerth.de"},{"label":"Ausschuss f\u00fcr Planung u. Umwelt","link":"https:\/\/fischenich.cdu-huerth.de\/?cat=15"},{"label":"Bau der Radwegeverbindung beginnt","link":"https:\/\/fischenich.cdu-huerth.de\/?p=1486"}],"jetpack_publicize_connections":[],"jetpack_sharing_enabled":true,"jetpack_shortlink":"https:\/\/wp.me\/paa5yn-nY","publishpress_future_action":{"enabled":false,"date":"2026-09-09 11:19:53","action":"change-status","newStatus":"draft","terms":[],"taxonomy":"category","extraData":[]},"publishpress_future_workflow_manual_trigger":{"enabledWorkflows":[]},"jetpack_featured_media_url":"https:\/\/fischenich.cdu-huerth.de\/wp-content\/uploads\/2024\/01\/20240112_bonnstrstadtbahn.jpg","_links":{"self":[{"href":"https:\/\/fischenich.cdu-huerth.de\/index.php?rest_route=\/wp\/v2\/posts\/1486","targetHints":{"allow":["GET"]}}],"collection":[{"href":"https:\/\/fischenich.cdu-huerth.de\/index.php?rest_route=\/wp\/v2\/posts"}],"about":[{"href":"https:\/\/fischenich.cdu-huerth.de\/index.php?rest_route=\/wp\/v2\/types\/post"}],"author":[{"embeddable":true,"href":"https:\/\/fischenich.cdu-huerth.de\/index.php?rest_route=\/wp\/v2\/users\/6"}],"replies":[{"embeddable":true,"href":"https:\/\/fischenich.cdu-huerth.de\/index.php?rest_route=%2Fwp%2Fv2%2Fcomments&post=1486"}],"version-history":[{"count":2,"href":"https:\/\/fischenich.cdu-huerth.de\/index.php?rest_route=\/wp\/v2\/posts\/1486\/revisions"}],"predecessor-version":[{"id":1489,"href":"https:\/\/fischenich.cdu-huerth.de\/index.php?rest_route=\/wp\/v2\/posts\/1486\/revisions\/1489"}],"wp:featuredmedia":[{"embeddable":true,"href":"https:\/\/fischenich.cdu-huerth.de\/index.php?rest_route=\/wp\/v2\/media\/1488"}],"wp:attachment":[{"href":"https:\/\/fischenich.cdu-huerth.de\/index.php?rest_route=%2Fwp%2Fv2%2Fmedia&parent=1486"}],"wp:term":[{"taxonomy":"category","embeddable":true,"href":"https:\/\/fischenich.cdu-huerth.de\/index.php?rest_route=%2Fwp%2Fv2%2Fcategories&post=1486"},{"taxonomy":"post_tag","embeddable":true,"href":"https:\/\/fischenich.cdu-huerth.de\/index.php?rest_route=%2Fwp%2Fv2%2Ftags&post=1486"}],"curies":[{"name":"wp","href":"https:\/\/api.w.org\/{rel}","templated":true}]}}