{"id":1445,"date":"2023-06-02T12:21:27","date_gmt":"2023-06-02T10:21:27","guid":{"rendered":"https:\/\/fischenich.cdu-huerth.de\/?p=1445"},"modified":"2025-05-12T09:46:48","modified_gmt":"2025-05-12T07:46:48","slug":"einladung-zum-buergerstammtisch","status":"publish","type":"post","link":"https:\/\/fischenich.cdu-huerth.de\/?p=1445","title":{"rendered":"Einladung zum B\u00fcrgerstammtisch"},"content":{"rendered":"\n<p>Am <strong>Dienstag, 13. Juni 2023, um 19:00 Uhr findet in der Gastst\u00e4tte Braunsfeld \u201eZur letzten Tr\u00e4ne\u201c<\/strong> &nbsp;in H\u00fcrth Fischenich, Gennerstra\u00dfe 196, der n\u00e4chste B\u00fcrgerstammtisch der CDU H\u00fcrth-Fischenich statt.<\/p>\n<p>Neben den Berichten aus dem Rat und den Fachaussch\u00fcssen des H\u00fcrther Stadtrates stehen folgende Themen im Mittelpunkt:<\/p>\n<ul>\n<li>Stand der Bauma\u00dfnahme Ausbau und Sanierung der Martinusschule (Bericht des Leiters des st\u00e4dtischen Amtes f\u00fcr Geb\u00e4udewirtschaft Christian St\u00e4hler)<\/li>\n<li>Sanierung der Bahn\u00fcberg\u00e4nge Bonnstra\u00dfe und Schmittenstra\u00dfe<\/li>\n<li>Radwegeausbau entlang der Linie 18 und in Richtung Br\u00fchl<\/li>\n<\/ul>\n\n\n<div class=\"wp-block-image\">\n<figure class=\"aligncenter size-medium\"><a href=\"https:\/\/fischenich.cdu-huerth.de\/wp-content\/uploads\/2023\/06\/20230613-Buergerstammtisch-CDU-Fischenich.jpg\"><img loading=\"lazy\" decoding=\"async\" width=\"212\" height=\"300\" src=\"https:\/\/fischenich.cdu-huerth.de\/wp-content\/uploads\/2023\/06\/20230613-Buergerstammtisch-CDU-Fischenich-212x300.jpg\" alt=\"\" class=\"wp-image-1446\" srcset=\"https:\/\/fischenich.cdu-huerth.de\/wp-content\/uploads\/2023\/06\/20230613-Buergerstammtisch-CDU-Fischenich-212x300.jpg 212w, https:\/\/fischenich.cdu-huerth.de\/wp-content\/uploads\/2023\/06\/20230613-Buergerstammtisch-CDU-Fischenich-724x1024.jpg 724w, https:\/\/fischenich.cdu-huerth.de\/wp-content\/uploads\/2023\/06\/20230613-Buergerstammtisch-CDU-Fischenich-768x1086.jpg 768w, https:\/\/fischenich.cdu-huerth.de\/wp-content\/uploads\/2023\/06\/20230613-Buergerstammtisch-CDU-Fischenich-1086x1536.jpg 1086w, https:\/\/fischenich.cdu-huerth.de\/wp-content\/uploads\/2023\/06\/20230613-Buergerstammtisch-CDU-Fischenich-610x863.jpg 610w, https:\/\/fischenich.cdu-huerth.de\/wp-content\/uploads\/2023\/06\/20230613-Buergerstammtisch-CDU-Fischenich.jpg 1273w\" sizes=\"auto, (max-width: 212px) 100vw, 212px\" \/><\/a><\/figure>\n<\/div><div class=\"facebook_like_button\" style=\"float: right; margin-left: 10px;\"><iframe src=\"http:\/\/www.facebook.com\/plugins\/like.php?href=https%3A%2F%2Ffischenich.cdu-huerth.de%2F%3Fp%3D1445&amp;layout=standard&amp;show_faces=false&amp;action=like&amp;colorscheme=light&amp;width=450\" scrolling=\"no\" frameborder=\"0\" allowTransparency=\"true\" style=\"border:none; overflow:hidden; width:450px; height:40px\"><\/iframe><\/div>","protected":false},"excerpt":{"rendered":"<p>Am Dienstag, 13. Juni 2023, um 19:00 Uhr findet in der Gastst\u00e4tte Braunsfeld \u201eZur letzten Tr\u00e4ne\u201c &nbsp;in H\u00fcrth Fischenich, Gennerstra\u00dfe 196, der n\u00e4chste B\u00fcrgerstammtisch der CDU H\u00fcrth-Fischenich statt. Neben den Berichten aus dem Rat und den Fachaussch\u00fcssen des H\u00fcrther Stadtrates stehen folgende Themen im Mittelpunkt: Stand der Bauma\u00dfnahme Ausbau und Sanierung der Martinusschule (Bericht des &hellip; <\/p>\n<p><a class=\"more-link btn\" href=\"https:\/\/fischenich.cdu-huerth.de\/?p=1445\">Weiterlesen<\/a><\/p>\n","protected":false},"author":6,"featured_media":0,"comment_status":"open","ping_status":"open","sticky":false,"template":"","format":"standard","meta":{"ngg_post_thumbnail":0,"jetpack_post_was_ever_published":false,"_jetpack_newsletter_access":"","_jetpack_dont_email_post_to_subs":false,"_jetpack_newsletter_tier_id":0,"_jetpack_memberships_contains_paywalled_content":false,"_jetpack_memberships_contains_paid_content":false,"footnotes":"","jetpack_publicize_message":"","jetpack_publicize_feature_enabled":false,"jetpack_social_post_already_shared":false,"jetpack_social_options":{"image_generator_settings":{"template":"highway","default_image_id":0,"font":"","enabled":false},"version":2}},"categories":[61],"tags":[],"class_list":["post-1445","post","type-post","status-publish","format-standard","hentry","category-buergerstammtisch","item-wrap"],"aioseo_notices":[],"jetpack_publicize_connections":[],"jetpack_featured_media_url":"","jetpack_sharing_enabled":true,"jetpack_shortlink":"https:\/\/wp.me\/paa5yn-nj","publishpress_future_action":{"enabled":false,"date":"2026-05-06 20:57:20","action":"change-status","newStatus":"draft","terms":[],"taxonomy":"category","extraData":[]},"publishpress_future_workflow_manual_trigger":{"enabledWorkflows":[]},"_links":{"self":[{"href":"https:\/\/fischenich.cdu-huerth.de\/index.php?rest_route=\/wp\/v2\/posts\/1445","targetHints":{"allow":["GET"]}}],"collection":[{"href":"https:\/\/fischenich.cdu-huerth.de\/index.php?rest_route=\/wp\/v2\/posts"}],"about":[{"href":"https:\/\/fischenich.cdu-huerth.de\/index.php?rest_route=\/wp\/v2\/types\/post"}],"author":[{"embeddable":true,"href":"https:\/\/fischenich.cdu-huerth.de\/index.php?rest_route=\/wp\/v2\/users\/6"}],"replies":[{"embeddable":true,"href":"https:\/\/fischenich.cdu-huerth.de\/index.php?rest_route=%2Fwp%2Fv2%2Fcomments&post=1445"}],"version-history":[{"count":2,"href":"https:\/\/fischenich.cdu-huerth.de\/index.php?rest_route=\/wp\/v2\/posts\/1445\/revisions"}],"predecessor-version":[{"id":1448,"href":"https:\/\/fischenich.cdu-huerth.de\/index.php?rest_route=\/wp\/v2\/posts\/1445\/revisions\/1448"}],"wp:attachment":[{"href":"https:\/\/fischenich.cdu-huerth.de\/index.php?rest_route=%2Fwp%2Fv2%2Fmedia&parent=1445"}],"wp:term":[{"taxonomy":"category","embeddable":true,"href":"https:\/\/fischenich.cdu-huerth.de\/index.php?rest_route=%2Fwp%2Fv2%2Fcategories&post=1445"},{"taxonomy":"post_tag","embeddable":true,"href":"https:\/\/fischenich.cdu-huerth.de\/index.php?rest_route=%2Fwp%2Fv2%2Ftags&post=1445"}],"curies":[{"name":"wp","href":"https:\/\/api.w.org\/{rel}","templated":true}]}}