{"id":1427,"date":"2023-04-11T11:19:41","date_gmt":"2023-04-11T09:19:41","guid":{"rendered":"https:\/\/fischenich.cdu-huerth.de\/?p=1427"},"modified":"2023-04-11T11:19:42","modified_gmt":"2023-04-11T09:19:42","slug":"bahnuebergaenge-bonnstrasse-und-schmittenstrasse-in-fischenich-sollen-den-aktuellen-anforderungen-angepasst-werden","status":"publish","type":"post","link":"https:\/\/fischenich.cdu-huerth.de\/?p=1427","title":{"rendered":"<strong>Bahn\u00fcberg\u00e4nge Bonnstra\u00dfe und Schmittenstra\u00dfe in Fischenich sollen den aktuellen Anforderungen angepasst werden<\/strong>"},"content":{"rendered":"\n<h4 class=\"wp-block-heading\"><strong>Die Deutsche Bahn legt die Planungen f\u00fcr den Bahn\u00fcbergang Bonnstra\u00dfe\/Marktweg vor<\/strong><\/h4>\n\n\n\n<p><a href=\"https:\/\/fischenich.cdu-huerth.de\/wp-content\/uploads\/2023\/04\/07-1_Kreuzungsplan_BU_Bonnstr.jpg\"><img loading=\"lazy\" decoding=\"async\" class=\"alignleft size-medium wp-image-1428\" src=\"https:\/\/fischenich.cdu-huerth.de\/wp-content\/uploads\/2023\/04\/07-1_Kreuzungsplan_BU_Bonnstr-300x139.jpg\" alt=\"\" width=\"300\" height=\"139\" srcset=\"https:\/\/fischenich.cdu-huerth.de\/wp-content\/uploads\/2023\/04\/07-1_Kreuzungsplan_BU_Bonnstr-300x139.jpg 300w, https:\/\/fischenich.cdu-huerth.de\/wp-content\/uploads\/2023\/04\/07-1_Kreuzungsplan_BU_Bonnstr-1024x475.jpg 1024w, https:\/\/fischenich.cdu-huerth.de\/wp-content\/uploads\/2023\/04\/07-1_Kreuzungsplan_BU_Bonnstr-768x356.jpg 768w, https:\/\/fischenich.cdu-huerth.de\/wp-content\/uploads\/2023\/04\/07-1_Kreuzungsplan_BU_Bonnstr-610x283.jpg 610w, https:\/\/fischenich.cdu-huerth.de\/wp-content\/uploads\/2023\/04\/07-1_Kreuzungsplan_BU_Bonnstr.jpg 1500w\" sizes=\"auto, (max-width: 300px) 100vw, 300px\" \/><\/a><\/p>\n\n\n\n<p>\u201eDie geplante Bauma\u00dfnahme am Bahn\u00fcbergang Bonnstra\u00dfe wird w\u00e4hrend der Bauphase zu erheblichen Behinderungen des Bahn-, aber insbesondere auch des Stra\u00dfenverkehrs f\u00fchren. Durch die Aufweitung der Einm\u00fcndung in den Marktweg wird es danach aber auch f\u00fcr LKW mit einer L\u00e4nge von mehr als 10 Metern m\u00f6glich sein, nach links in den Marktweg abzubiegen. Dadurch wird verhindert, dass gro\u00dfe Laster entweder falsch abbiegen oder versuchen den Marktweg \u00fcber die Meschenicher Stra\u00dfe und das Neubaugebiet zu erreichen. Wir begr\u00fc\u00dfen deshalb die jetzt von der Bahn f\u00fcr diesen \u00dcbergang vorgelegte Planung\u201c, stellt CDU Ratsherr R\u00fcdiger Winkler zu der geplanten Ma\u00dfnahme fest.<\/p>\n\n\n\n<p>Die aktuell an diesem Bahn\u00fcbergang verwendete Anlagentechnik aus dem Jahr 1989 ist \u00fcberholt und darf technisch auch nicht mehr umgebaut werden, so dass eine Gesamterneuerung zwingend notwendig ist. Die bestehenden Fahrbeziehungen, bzw. Fahrm\u00f6glichkeiten f\u00fcr den Kfz-Verkehr werden auch in Zukunft beibehalten. Um den Fahrzeugen mit einer L\u00e4nge gr\u00f6\u00dfer 10m aus der Richtung Herm\u00fclheim kommend das Abbiegen in den Marktweg zu erm\u00f6glichen, muss allerdings die Einm\u00fcndung zur Marktweg aufgeweitet werden. Dazu ist eine Verbreiterung des Bahn\u00fcbergangs selbst und auch der Abbiegespuren in Richtung S\u00fcden notwendig. Zur Einhaltung der R\u00e4umstrecke des Bahn\u00fcbergangs ist zudem die Einm\u00fcndung Gennerstra\u00dfe vom \u00dcbergang weg zu verlegen und aufzuweiten. Um die langen Schlie\u00dfzeiten f\u00fcr den \u00dcbergang durch die Fu\u00df-\/Radwege zu verringern, werden diese \u00dcberwege beidseits des Bahn\u00fcbergangs neu gestaltet. Die Anordnung der neuen \u00dcberwege erfolgt senkrecht zu den Gleisen, so dass sich die Querungsstrecke deutlich verringert. Unmittelbar vor den Fu\u00df-\/Radwegschranken werden taktile Elemente f\u00fcr Sehbehinderte, bzw. Blinde errichtet.<\/p>\n\n\n\n<p>Nach den Ver\u00f6ffentlichungen der Bahn soll die Erneuerung des Bahn\u00fcbergangs Schmittenstra\u00dfe zeitgleich erfolgen. Da es sich um ein separates, noch nicht eingeleitetes Planfeststellungsverfahren handelt, liegen dazu noch &nbsp;keine Planungen vor. \u201eEine Sanierung auch dieses Bahn\u00fcbergangs ist aufgrund der hohen Bodenwellen dringend notwendig. Die Niveauunterschiede sind sogar so hoch, dass die H\u00fcrther Stadtbusse diesen Bahn\u00fcbergang zurzeit gar nicht nutzen k\u00f6nnten, wenn man deren Linienf\u00fchrung \u00e4ndern wollte\u201c, wei\u00df Ortsvorsteher Dennis Mehren. \u201eEine zeitgleiche Bauausf\u00fchrung darf es jedoch nicht geben, da dann der \u00fcberwiegende Teil von Fischenich von Br\u00fchl aus kommend zeitweise nicht mehr erreichbar w\u00e4re\u201c,&nbsp; gibt der Fischenicher Ratsvertreter Dirk Sch\u00fcller zu bedenken. Bei der Vorstellung der Planungen der Bahn im n\u00e4chsten Planungsausschuss wird deshalb auch dieses Thema zur Sprache kommen.<\/p>\n<div class=\"facebook_like_button\" style=\"float: right; margin-left: 10px;\"><iframe src=\"http:\/\/www.facebook.com\/plugins\/like.php?href=https%3A%2F%2Ffischenich.cdu-huerth.de%2F%3Fp%3D1427&amp;layout=standard&amp;show_faces=false&amp;action=like&amp;colorscheme=light&amp;width=450\" scrolling=\"no\" frameborder=\"0\" allowTransparency=\"true\" style=\"border:none; overflow:hidden; width:450px; height:40px\"><\/iframe><\/div>","protected":false},"excerpt":{"rendered":"<p>Die Deutsche Bahn legt die Planungen f\u00fcr den Bahn\u00fcbergang Bonnstra\u00dfe\/Marktweg vor \u201eDie geplante Bauma\u00dfnahme am Bahn\u00fcbergang Bonnstra\u00dfe wird w\u00e4hrend der Bauphase zu erheblichen Behinderungen des Bahn-, aber insbesondere auch des Stra\u00dfenverkehrs f\u00fchren. Durch die Aufweitung der Einm\u00fcndung in den Marktweg wird es danach aber auch f\u00fcr LKW mit einer L\u00e4nge von mehr als 10 Metern &hellip; <\/p>\n<p><a class=\"more-link btn\" href=\"https:\/\/fischenich.cdu-huerth.de\/?p=1427\">Weiterlesen<\/a><\/p>\n","protected":false},"author":6,"featured_media":1428,"comment_status":"open","ping_status":"open","sticky":false,"template":"","format":"standard","meta":{"ngg_post_thumbnail":0,"jetpack_post_was_ever_published":false,"_jetpack_newsletter_access":"","_jetpack_dont_email_post_to_subs":false,"_jetpack_newsletter_tier_id":0,"_jetpack_memberships_contains_paywalled_content":false,"_jetpack_memberships_contains_paid_content":false,"footnotes":"","jetpack_publicize_message":"","jetpack_publicize_feature_enabled":true,"jetpack_social_post_already_shared":true,"jetpack_social_options":{"image_generator_settings":{"template":"highway","default_image_id":0,"font":"","enabled":false},"version":2}},"categories":[15],"tags":[70,69,67,29],"class_list":["post-1427","post","type-post","status-publish","format-standard","has-post-thumbnail","hentry","category-ausschuss-fur-planung-u-umwelt","tag-bahnuebergang","tag-bonnstrasse","tag-dirk-schueller","tag-rudiger-winkler","item-wrap"],"aioseo_notices":[],"jetpack_publicize_connections":[],"jetpack_featured_media_url":"https:\/\/fischenich.cdu-huerth.de\/wp-content\/uploads\/2023\/04\/07-1_Kreuzungsplan_BU_Bonnstr.jpg","jetpack_sharing_enabled":true,"jetpack_shortlink":"https:\/\/wp.me\/paa5yn-n1","publishpress_future_action":{"enabled":false,"date":"2026-05-04 14:57:24","action":"change-status","newStatus":"draft","terms":[],"taxonomy":"category","extraData":[]},"publishpress_future_workflow_manual_trigger":{"enabledWorkflows":[]},"_links":{"self":[{"href":"https:\/\/fischenich.cdu-huerth.de\/index.php?rest_route=\/wp\/v2\/posts\/1427","targetHints":{"allow":["GET"]}}],"collection":[{"href":"https:\/\/fischenich.cdu-huerth.de\/index.php?rest_route=\/wp\/v2\/posts"}],"about":[{"href":"https:\/\/fischenich.cdu-huerth.de\/index.php?rest_route=\/wp\/v2\/types\/post"}],"author":[{"embeddable":true,"href":"https:\/\/fischenich.cdu-huerth.de\/index.php?rest_route=\/wp\/v2\/users\/6"}],"replies":[{"embeddable":true,"href":"https:\/\/fischenich.cdu-huerth.de\/index.php?rest_route=%2Fwp%2Fv2%2Fcomments&post=1427"}],"version-history":[{"count":2,"href":"https:\/\/fischenich.cdu-huerth.de\/index.php?rest_route=\/wp\/v2\/posts\/1427\/revisions"}],"predecessor-version":[{"id":1430,"href":"https:\/\/fischenich.cdu-huerth.de\/index.php?rest_route=\/wp\/v2\/posts\/1427\/revisions\/1430"}],"wp:featuredmedia":[{"embeddable":true,"href":"https:\/\/fischenich.cdu-huerth.de\/index.php?rest_route=\/wp\/v2\/media\/1428"}],"wp:attachment":[{"href":"https:\/\/fischenich.cdu-huerth.de\/index.php?rest_route=%2Fwp%2Fv2%2Fmedia&parent=1427"}],"wp:term":[{"taxonomy":"category","embeddable":true,"href":"https:\/\/fischenich.cdu-huerth.de\/index.php?rest_route=%2Fwp%2Fv2%2Fcategories&post=1427"},{"taxonomy":"post_tag","embeddable":true,"href":"https:\/\/fischenich.cdu-huerth.de\/index.php?rest_route=%2Fwp%2Fv2%2Ftags&post=1427"}],"curies":[{"name":"wp","href":"https:\/\/api.w.org\/{rel}","templated":true}]}}