{"id":1357,"date":"2022-04-01T13:26:00","date_gmt":"2022-04-01T11:26:00","guid":{"rendered":"https:\/\/fischenich.cdu-huerth.de\/?p=1357"},"modified":"2022-04-08T08:28:21","modified_gmt":"2022-04-08T06:28:21","slug":"buergerstammtisch","status":"publish","type":"post","link":"https:\/\/fischenich.cdu-huerth.de\/?p=1357","title":{"rendered":"B\u00fcrgerstammtisch"},"content":{"rendered":"\n<p>Am Donnerstag, den 07. April um 19:00h laden wir alle interessierten Fischenicher B\u00fcrgerinnen und B\u00fcrger zum unserem B\u00fcrgerstammtisch ins Martinushaus ein. Neben Berichten aus dem Rat und zur Ukraine-Hilfsaktion freuen wir uns besonders auf den CDU-Landtagskandidaten Thomas Okos.<\/p>\n<p>&nbsp;<\/p>\n\n\n\n<div class=\"wp-block-image\"><figure class=\"aligncenter size-large\"><a href=\"https:\/\/fischenich.cdu-huerth.de\/wp-content\/uploads\/2022\/04\/Flyer_Buergerstammtisch_Fischenich_DIN-lang-plus_105-x-210-cm.jpg\"><img loading=\"lazy\" decoding=\"async\" width=\"517\" height=\"1024\" src=\"https:\/\/fischenich.cdu-huerth.de\/wp-content\/uploads\/2022\/04\/Flyer_Buergerstammtisch_Fischenich_DIN-lang-plus_105-x-210-cm-517x1024.jpg\" alt=\"\" class=\"wp-image-1358\" srcset=\"https:\/\/fischenich.cdu-huerth.de\/wp-content\/uploads\/2022\/04\/Flyer_Buergerstammtisch_Fischenich_DIN-lang-plus_105-x-210-cm-517x1024.jpg 517w, https:\/\/fischenich.cdu-huerth.de\/wp-content\/uploads\/2022\/04\/Flyer_Buergerstammtisch_Fischenich_DIN-lang-plus_105-x-210-cm-152x300.jpg 152w, https:\/\/fischenich.cdu-huerth.de\/wp-content\/uploads\/2022\/04\/Flyer_Buergerstammtisch_Fischenich_DIN-lang-plus_105-x-210-cm-768x1521.jpg 768w, https:\/\/fischenich.cdu-huerth.de\/wp-content\/uploads\/2022\/04\/Flyer_Buergerstammtisch_Fischenich_DIN-lang-plus_105-x-210-cm-776x1536.jpg 776w, https:\/\/fischenich.cdu-huerth.de\/wp-content\/uploads\/2022\/04\/Flyer_Buergerstammtisch_Fischenich_DIN-lang-plus_105-x-210-cm-610x1208.jpg 610w, https:\/\/fischenich.cdu-huerth.de\/wp-content\/uploads\/2022\/04\/Flyer_Buergerstammtisch_Fischenich_DIN-lang-plus_105-x-210-cm.jpg 909w\" sizes=\"auto, (max-width: 517px) 100vw, 517px\" \/><\/a><\/figure><\/div>\n<div class=\"facebook_like_button\" style=\"float: right; margin-left: 10px;\"><iframe src=\"http:\/\/www.facebook.com\/plugins\/like.php?href=https%3A%2F%2Ffischenich.cdu-huerth.de%2F%3Fp%3D1357&amp;layout=standard&amp;show_faces=false&amp;action=like&amp;colorscheme=light&amp;width=450\" scrolling=\"no\" frameborder=\"0\" allowTransparency=\"true\" style=\"border:none; overflow:hidden; width:450px; height:40px\"><\/iframe><\/div>","protected":false},"excerpt":{"rendered":"<p>Am Donnerstag, den 07. April um 19:00h laden wir alle interessierten Fischenicher B\u00fcrgerinnen und B\u00fcrger zum unserem B\u00fcrgerstammtisch ins Martinushaus ein. Neben Berichten aus dem Rat und zur Ukraine-Hilfsaktion freuen wir uns besonders auf den CDU-Landtagskandidaten Thomas Okos. &nbsp;<\/p>\n","protected":false},"author":6,"featured_media":0,"comment_status":"open","ping_status":"open","sticky":false,"template":"","format":"standard","meta":{"ngg_post_thumbnail":0,"jetpack_post_was_ever_published":false,"_jetpack_newsletter_access":"","_jetpack_dont_email_post_to_subs":false,"_jetpack_newsletter_tier_id":0,"_jetpack_memberships_contains_paywalled_content":false,"_jetpack_memberships_contains_paid_content":false,"footnotes":"","jetpack_publicize_message":"","jetpack_publicize_feature_enabled":true,"jetpack_social_post_already_shared":true,"jetpack_social_options":{"image_generator_settings":{"template":"highway","default_image_id":0,"font":"","enabled":false},"version":2}},"categories":[61],"tags":[],"class_list":["post-1357","post","type-post","status-publish","format-standard","hentry","category-buergerstammtisch","item-wrap"],"aioseo_notices":[],"jetpack_publicize_connections":[],"jetpack_featured_media_url":"","jetpack_sharing_enabled":true,"jetpack_shortlink":"https:\/\/wp.me\/paa5yn-lT","publishpress_future_action":{"enabled":false,"date":"2026-05-08 07:10:32","action":"change-status","newStatus":"draft","terms":[],"taxonomy":"category","extraData":[]},"publishpress_future_workflow_manual_trigger":{"enabledWorkflows":[]},"_links":{"self":[{"href":"https:\/\/fischenich.cdu-huerth.de\/index.php?rest_route=\/wp\/v2\/posts\/1357","targetHints":{"allow":["GET"]}}],"collection":[{"href":"https:\/\/fischenich.cdu-huerth.de\/index.php?rest_route=\/wp\/v2\/posts"}],"about":[{"href":"https:\/\/fischenich.cdu-huerth.de\/index.php?rest_route=\/wp\/v2\/types\/post"}],"author":[{"embeddable":true,"href":"https:\/\/fischenich.cdu-huerth.de\/index.php?rest_route=\/wp\/v2\/users\/6"}],"replies":[{"embeddable":true,"href":"https:\/\/fischenich.cdu-huerth.de\/index.php?rest_route=%2Fwp%2Fv2%2Fcomments&post=1357"}],"version-history":[{"count":2,"href":"https:\/\/fischenich.cdu-huerth.de\/index.php?rest_route=\/wp\/v2\/posts\/1357\/revisions"}],"predecessor-version":[{"id":1361,"href":"https:\/\/fischenich.cdu-huerth.de\/index.php?rest_route=\/wp\/v2\/posts\/1357\/revisions\/1361"}],"wp:attachment":[{"href":"https:\/\/fischenich.cdu-huerth.de\/index.php?rest_route=%2Fwp%2Fv2%2Fmedia&parent=1357"}],"wp:term":[{"taxonomy":"category","embeddable":true,"href":"https:\/\/fischenich.cdu-huerth.de\/index.php?rest_route=%2Fwp%2Fv2%2Fcategories&post=1357"},{"taxonomy":"post_tag","embeddable":true,"href":"https:\/\/fischenich.cdu-huerth.de\/index.php?rest_route=%2Fwp%2Fv2%2Ftags&post=1357"}],"curies":[{"name":"wp","href":"https:\/\/api.w.org\/{rel}","templated":true}]}}