{"id":1357,"date":"2022-04-01T13:26:00","date_gmt":"2022-04-01T11:26:00","guid":{"rendered":"https:\/\/fischenich.cdu-huerth.de\/?p=1357"},"modified":"2022-04-08T08:28:21","modified_gmt":"2022-04-08T06:28:21","slug":"buergerstammtisch","status":"publish","type":"post","link":"https:\/\/fischenich.cdu-huerth.de\/?p=1357","title":{"rendered":"B\u00fcrgerstammtisch"},"content":{"rendered":"\n<p>Am Donnerstag, den 07. April um 19:00h laden wir alle interessierten Fischenicher B\u00fcrgerinnen und B\u00fcrger zum unserem B\u00fcrgerstammtisch ins Martinushaus ein. Neben Berichten aus dem Rat und zur Ukraine-Hilfsaktion freuen wir uns besonders auf den CDU-Landtagskandidaten Thomas Okos.<\/p>\n<p>&nbsp;<\/p>\n\n\n\n<div class=\"wp-block-image\"><figure class=\"aligncenter size-large\"><a href=\"https:\/\/fischenich.cdu-huerth.de\/wp-content\/uploads\/2022\/04\/Flyer_Buergerstammtisch_Fischenich_DIN-lang-plus_105-x-210-cm.jpg\"><img loading=\"lazy\" decoding=\"async\" width=\"517\" height=\"1024\" src=\"https:\/\/fischenich.cdu-huerth.de\/wp-content\/uploads\/2022\/04\/Flyer_Buergerstammtisch_Fischenich_DIN-lang-plus_105-x-210-cm-517x1024.jpg\" alt=\"\" class=\"wp-image-1358\" srcset=\"https:\/\/fischenich.cdu-huerth.de\/wp-content\/uploads\/2022\/04\/Flyer_Buergerstammtisch_Fischenich_DIN-lang-plus_105-x-210-cm-517x1024.jpg 517w, https:\/\/fischenich.cdu-huerth.de\/wp-content\/uploads\/2022\/04\/Flyer_Buergerstammtisch_Fischenich_DIN-lang-plus_105-x-210-cm-152x300.jpg 152w, https:\/\/fischenich.cdu-huerth.de\/wp-content\/uploads\/2022\/04\/Flyer_Buergerstammtisch_Fischenich_DIN-lang-plus_105-x-210-cm-768x1521.jpg 768w, https:\/\/fischenich.cdu-huerth.de\/wp-content\/uploads\/2022\/04\/Flyer_Buergerstammtisch_Fischenich_DIN-lang-plus_105-x-210-cm-776x1536.jpg 776w, https:\/\/fischenich.cdu-huerth.de\/wp-content\/uploads\/2022\/04\/Flyer_Buergerstammtisch_Fischenich_DIN-lang-plus_105-x-210-cm-610x1208.jpg 610w, https:\/\/fischenich.cdu-huerth.de\/wp-content\/uploads\/2022\/04\/Flyer_Buergerstammtisch_Fischenich_DIN-lang-plus_105-x-210-cm.jpg 909w\" sizes=\"auto, (max-width: 517px) 100vw, 517px\" \/><\/a><\/figure><\/div>\n<div class=\"facebook_like_button\" style=\"float: right; margin-left: 10px;\"><iframe src=\"http:\/\/www.facebook.com\/plugins\/like.php?href=https%3A%2F%2Ffischenich.cdu-huerth.de%2F%3Fp%3D1357&amp;layout=standard&amp;show_faces=false&amp;action=like&amp;colorscheme=light&amp;width=450\" scrolling=\"no\" frameborder=\"0\" allowTransparency=\"true\" style=\"border:none; overflow:hidden; width:450px; height:40px\"><\/iframe><\/div>","protected":false},"excerpt":{"rendered":"<p>Am Donnerstag, den 07. April um 19:00h laden wir alle interessierten Fischenicher B\u00fcrgerinnen und B\u00fcrger zum unserem B\u00fcrgerstammtisch ins Martinushaus ein. Neben Berichten aus dem Rat und zur Ukraine-Hilfsaktion freuen wir uns besonders auf den CDU-Landtagskandidaten Thomas Okos. &nbsp;<\/p>\n","protected":false},"author":6,"featured_media":0,"comment_status":"open","ping_status":"open","sticky":false,"template":"","format":"standard","meta":{"ngg_post_thumbnail":0,"_jetpack_newsletter_access":"","_jetpack_dont_email_post_to_subs":false,"_jetpack_newsletter_tier_id":0,"_jetpack_memberships_contains_paywalled_content":false,"_jetpack_feature_clip_id":0,"_jetpack_memberships_contains_paid_content":false,"footnotes":"","jetpack_publicize_message":"","jetpack_publicize_feature_enabled":true,"jetpack_social_post_already_shared":true,"jetpack_social_options":{"image_generator_settings":{"template":"highway","default_image_id":0,"font":"","enabled":false},"version":2},"jetpack_post_was_ever_published":false},"categories":[61],"tags":[],"class_list":["post-1357","post","type-post","status-publish","format-standard","hentry","category-buergerstammtisch","item-wrap"],"aioseo_notices":[],"aioseo_head":"\n\t\t<!-- All in One SEO 5.0.0.1 - aioseo.com -->\n\t<meta name=\"robots\" content=\"max-image-preview:large\" \/>\n\t<meta name=\"author\" content=\"Autor\"\/>\n\t<link rel=\"canonical\" href=\"https:\/\/fischenich.cdu-huerth.de\/?p=1357\" \/>\n\t<meta name=\"generator\" content=\"All in One SEO (AIOSEO) 5.0.0.1\" \/>\n\t\t<meta property=\"og:locale\" content=\"de_DE\" \/>\n\t\t<meta property=\"og:site_name\" content=\"CDU-Ortsverband Fischenich |\" \/>\n\t\t<meta property=\"og:type\" content=\"article\" \/>\n\t\t<meta property=\"og:title\" content=\"B\u00fcrgerstammtisch | CDU-Ortsverband Fischenich\" \/>\n\t\t<meta property=\"og:url\" content=\"https:\/\/fischenich.cdu-huerth.de\/?p=1357\" \/>\n\t\t<meta property=\"article:published_time\" content=\"2022-04-01T11:26:00+00:00\" \/>\n\t\t<meta property=\"article:modified_time\" content=\"2022-04-08T06:28:21+00:00\" \/>\n\t\t<meta name=\"twitter:card\" content=\"summary\" \/>\n\t\t<meta name=\"twitter:title\" content=\"B\u00fcrgerstammtisch | CDU-Ortsverband Fischenich\" \/>\n\t\t<script type=\"application\/ld+json\" class=\"aioseo-schema\">\n\t\t\t{\"@context\":\"https:\\\/\\\/schema.org\",\"@graph\":[{\"@type\":\"Article\",\"@id\":\"https:\\\/\\\/fischenich.cdu-huerth.de\\\/?p=1357#article\",\"name\":\"B\\u00fcrgerstammtisch | CDU-Ortsverband Fischenich\",\"headline\":\"B\\u00fcrgerstammtisch\",\"author\":{\"@id\":\"https:\\\/\\\/fischenich.cdu-huerth.de\\\/?author=6#author\"},\"publisher\":{\"@id\":\"https:\\\/\\\/fischenich.cdu-huerth.de\\\/#organization\"},\"image\":{\"@type\":\"ImageObject\",\"url\":\"https:\\\/\\\/fischenich.cdu-huerth.de\\\/wp-content\\\/uploads\\\/2022\\\/04\\\/Flyer_Buergerstammtisch_Fischenich_DIN-lang-plus_105-210-cm.jpg\",\"@id\":\"https:\\\/\\\/fischenich.cdu-huerth.de\\\/?p=1357\\\/#articleImage\"},\"datePublished\":\"2022-04-01T13:26:00+02:00\",\"dateModified\":\"2022-04-08T08:28:21+02:00\",\"inLanguage\":\"de-DE\",\"mainEntityOfPage\":{\"@id\":\"https:\\\/\\\/fischenich.cdu-huerth.de\\\/?p=1357#webpage\"},\"isPartOf\":{\"@id\":\"https:\\\/\\\/fischenich.cdu-huerth.de\\\/?p=1357#webpage\"},\"articleSection\":\"B\\u00fcrgerstammtisch\"},{\"@type\":\"BreadcrumbList\",\"@id\":\"https:\\\/\\\/fischenich.cdu-huerth.de\\\/?p=1357#breadcrumblist\",\"itemListElement\":[{\"@type\":\"ListItem\",\"@id\":\"https:\\\/\\\/fischenich.cdu-huerth.de#listItem\",\"position\":1,\"name\":\"Home\",\"item\":\"https:\\\/\\\/fischenich.cdu-huerth.de\",\"nextItem\":{\"@type\":\"ListItem\",\"@id\":\"https:\\\/\\\/fischenich.cdu-huerth.de\\\/?cat=61#listItem\",\"name\":\"B\\u00fcrgerstammtisch\"}},{\"@type\":\"ListItem\",\"@id\":\"https:\\\/\\\/fischenich.cdu-huerth.de\\\/?cat=61#listItem\",\"position\":2,\"name\":\"B\\u00fcrgerstammtisch\",\"item\":\"https:\\\/\\\/fischenich.cdu-huerth.de\\\/?cat=61\",\"nextItem\":{\"@type\":\"ListItem\",\"@id\":\"https:\\\/\\\/fischenich.cdu-huerth.de\\\/?p=1357#listItem\",\"name\":\"B\\u00fcrgerstammtisch\"},\"previousItem\":{\"@type\":\"ListItem\",\"@id\":\"https:\\\/\\\/fischenich.cdu-huerth.de#listItem\",\"name\":\"Home\"}},{\"@type\":\"ListItem\",\"@id\":\"https:\\\/\\\/fischenich.cdu-huerth.de\\\/?p=1357#listItem\",\"position\":3,\"name\":\"B\\u00fcrgerstammtisch\",\"previousItem\":{\"@type\":\"ListItem\",\"@id\":\"https:\\\/\\\/fischenich.cdu-huerth.de\\\/?cat=61#listItem\",\"name\":\"B\\u00fcrgerstammtisch\"}}]},{\"@type\":\"Organization\",\"@id\":\"https:\\\/\\\/fischenich.cdu-huerth.de\\\/#organization\",\"name\":\"CDU-Ortsverband Fischenich\",\"url\":\"https:\\\/\\\/fischenich.cdu-huerth.de\\\/\"},{\"@type\":\"Person\",\"@id\":\"https:\\\/\\\/fischenich.cdu-huerth.de\\\/?author=6#author\",\"url\":\"https:\\\/\\\/fischenich.cdu-huerth.de\\\/?author=6\",\"name\":\"Autor\",\"image\":{\"@type\":\"ImageObject\",\"@id\":\"https:\\\/\\\/fischenich.cdu-huerth.de\\\/?p=1357#authorImage\",\"url\":\"https:\\\/\\\/secure.gravatar.com\\\/avatar\\\/85983e1a3b8cf0e2e5b56152bf2d8eeae9382b3f9b2d1b7a4d7d80d49b0dea8b?s=96&d=mm&r=g\",\"width\":96,\"height\":96,\"caption\":\"Autor\"}},{\"@type\":\"WebPage\",\"@id\":\"https:\\\/\\\/fischenich.cdu-huerth.de\\\/?p=1357#webpage\",\"url\":\"https:\\\/\\\/fischenich.cdu-huerth.de\\\/?p=1357\",\"name\":\"B\\u00fcrgerstammtisch | CDU-Ortsverband Fischenich\",\"inLanguage\":\"de-DE\",\"isPartOf\":{\"@id\":\"https:\\\/\\\/fischenich.cdu-huerth.de\\\/#website\"},\"breadcrumb\":{\"@id\":\"https:\\\/\\\/fischenich.cdu-huerth.de\\\/?p=1357#breadcrumblist\"},\"author\":{\"@id\":\"https:\\\/\\\/fischenich.cdu-huerth.de\\\/?author=6#author\"},\"creator\":{\"@id\":\"https:\\\/\\\/fischenich.cdu-huerth.de\\\/?author=6#author\"},\"datePublished\":\"2022-04-01T13:26:00+02:00\",\"dateModified\":\"2022-04-08T08:28:21+02:00\"},{\"@type\":\"WebSite\",\"@id\":\"https:\\\/\\\/fischenich.cdu-huerth.de\\\/#website\",\"url\":\"https:\\\/\\\/fischenich.cdu-huerth.de\\\/\",\"name\":\"CDU-Ortsverband Fischenich\",\"inLanguage\":\"de-DE\",\"publisher\":{\"@id\":\"https:\\\/\\\/fischenich.cdu-huerth.de\\\/#organization\"}}]}\n\t\t<\/script>\n\t\t<!-- All in One SEO -->\n\n","aioseo_head_json":{"title":"B\u00fcrgerstammtisch | CDU-Ortsverband Fischenich","description":"","canonical_url":"https:\/\/fischenich.cdu-huerth.de\/?p=1357","robots":"max-image-preview:large","keywords":"","webmasterTools":{"miscellaneous":""},"schema":{"@context":"https:\/\/schema.org","@graph":[{"@type":"Article","@id":"https:\/\/fischenich.cdu-huerth.de\/?p=1357#article","name":"B\u00fcrgerstammtisch | CDU-Ortsverband Fischenich","headline":"B\u00fcrgerstammtisch","author":{"@id":"https:\/\/fischenich.cdu-huerth.de\/?author=6#author"},"publisher":{"@id":"https:\/\/fischenich.cdu-huerth.de\/#organization"},"image":{"@type":"ImageObject","url":"https:\/\/fischenich.cdu-huerth.de\/wp-content\/uploads\/2022\/04\/Flyer_Buergerstammtisch_Fischenich_DIN-lang-plus_105-210-cm.jpg","@id":"https:\/\/fischenich.cdu-huerth.de\/?p=1357\/#articleImage"},"datePublished":"2022-04-01T13:26:00+02:00","dateModified":"2022-04-08T08:28:21+02:00","inLanguage":"de-DE","mainEntityOfPage":{"@id":"https:\/\/fischenich.cdu-huerth.de\/?p=1357#webpage"},"isPartOf":{"@id":"https:\/\/fischenich.cdu-huerth.de\/?p=1357#webpage"},"articleSection":"B\u00fcrgerstammtisch"},{"@type":"BreadcrumbList","@id":"https:\/\/fischenich.cdu-huerth.de\/?p=1357#breadcrumblist","itemListElement":[{"@type":"ListItem","@id":"https:\/\/fischenich.cdu-huerth.de#listItem","position":1,"name":"Home","item":"https:\/\/fischenich.cdu-huerth.de","nextItem":{"@type":"ListItem","@id":"https:\/\/fischenich.cdu-huerth.de\/?cat=61#listItem","name":"B\u00fcrgerstammtisch"}},{"@type":"ListItem","@id":"https:\/\/fischenich.cdu-huerth.de\/?cat=61#listItem","position":2,"name":"B\u00fcrgerstammtisch","item":"https:\/\/fischenich.cdu-huerth.de\/?cat=61","nextItem":{"@type":"ListItem","@id":"https:\/\/fischenich.cdu-huerth.de\/?p=1357#listItem","name":"B\u00fcrgerstammtisch"},"previousItem":{"@type":"ListItem","@id":"https:\/\/fischenich.cdu-huerth.de#listItem","name":"Home"}},{"@type":"ListItem","@id":"https:\/\/fischenich.cdu-huerth.de\/?p=1357#listItem","position":3,"name":"B\u00fcrgerstammtisch","previousItem":{"@type":"ListItem","@id":"https:\/\/fischenich.cdu-huerth.de\/?cat=61#listItem","name":"B\u00fcrgerstammtisch"}}]},{"@type":"Organization","@id":"https:\/\/fischenich.cdu-huerth.de\/#organization","name":"CDU-Ortsverband Fischenich","url":"https:\/\/fischenich.cdu-huerth.de\/"},{"@type":"Person","@id":"https:\/\/fischenich.cdu-huerth.de\/?author=6#author","url":"https:\/\/fischenich.cdu-huerth.de\/?author=6","name":"Autor","image":{"@type":"ImageObject","@id":"https:\/\/fischenich.cdu-huerth.de\/?p=1357#authorImage","url":"https:\/\/secure.gravatar.com\/avatar\/85983e1a3b8cf0e2e5b56152bf2d8eeae9382b3f9b2d1b7a4d7d80d49b0dea8b?s=96&d=mm&r=g","width":96,"height":96,"caption":"Autor"}},{"@type":"WebPage","@id":"https:\/\/fischenich.cdu-huerth.de\/?p=1357#webpage","url":"https:\/\/fischenich.cdu-huerth.de\/?p=1357","name":"B\u00fcrgerstammtisch | CDU-Ortsverband Fischenich","inLanguage":"de-DE","isPartOf":{"@id":"https:\/\/fischenich.cdu-huerth.de\/#website"},"breadcrumb":{"@id":"https:\/\/fischenich.cdu-huerth.de\/?p=1357#breadcrumblist"},"author":{"@id":"https:\/\/fischenich.cdu-huerth.de\/?author=6#author"},"creator":{"@id":"https:\/\/fischenich.cdu-huerth.de\/?author=6#author"},"datePublished":"2022-04-01T13:26:00+02:00","dateModified":"2022-04-08T08:28:21+02:00"},{"@type":"WebSite","@id":"https:\/\/fischenich.cdu-huerth.de\/#website","url":"https:\/\/fischenich.cdu-huerth.de\/","name":"CDU-Ortsverband Fischenich","inLanguage":"de-DE","publisher":{"@id":"https:\/\/fischenich.cdu-huerth.de\/#organization"}}]},"og:locale":"de_DE","og:site_name":"CDU-Ortsverband Fischenich |","og:type":"article","og:title":"B\u00fcrgerstammtisch | CDU-Ortsverband Fischenich","og:url":"https:\/\/fischenich.cdu-huerth.de\/?p=1357","article:published_time":"2022-04-01T11:26:00+00:00","article:modified_time":"2022-04-08T06:28:21+00:00","twitter:card":"summary","twitter:title":"B\u00fcrgerstammtisch | CDU-Ortsverband Fischenich"},"aioseo_meta_data":{"post_id":"1357","title":null,"description":null,"keywords":[],"keyphrases":{"focus":[],"additional":[]},"primary_term":null,"canonical_url":null,"og_title":null,"og_description":null,"og_object_type":"default","og_image_type":"default","og_image_url":null,"og_image_width":null,"og_image_height":null,"og_image_custom_url":null,"og_image_custom_fields":null,"og_video":"","og_custom_url":null,"og_article_section":null,"og_article_tags":[],"twitter_use_og":false,"twitter_card":"default","twitter_image_type":"default","twitter_image_url":null,"twitter_image_custom_url":null,"twitter_image_custom_fields":null,"twitter_title":null,"twitter_description":null,"schema":{"blockGraphs":[],"customGraphs":[],"default":{"data":{"Article":{"id":"aioseo-article-636b953552456","slug":"article","graphName":"Article","label":"Artikel","properties":{"type":"BlogPosting","name":"#post_title","headline":"#post_title","description":"#post_excerpt","image":"","keywords":"","author":{"name":"#author_name","url":"#author_url"},"dates":{"include":true,"datePublished":"","dateModified":""}}},"Course":[],"Dataset":[],"FAQPage":[],"Movie":[],"Person":[],"Product":[],"ProductReview":[],"Car":[],"Recipe":[],"Service":[],"SoftwareApplication":[],"WebPage":[]},"graphName":"Article","isEnabled":true},"graphs":[]},"schema_type":"default","schema_type_options":"{\"article\":{\"articleType\":\"BlogPosting\"},\"course\":{\"name\":\"\",\"description\":\"\",\"provider\":\"\"},\"faq\":{\"pages\":[]},\"product\":{\"reviews\":[]},\"recipe\":{\"ingredients\":[],\"instructions\":[],\"keywords\":[]},\"software\":{\"reviews\":[],\"operatingSystems\":[]},\"webPage\":{\"webPageType\":\"WebPage\"}}","pillar_content":false,"robots_default":true,"robots_noindex":false,"robots_noarchive":false,"robots_nosnippet":false,"robots_nofollow":false,"robots_noimageindex":false,"robots_noodp":false,"robots_notranslate":false,"robots_max_snippet":"-1","robots_max_videopreview":"-1","robots_max_imagepreview":"large","priority":null,"frequency":"default","local_seo":null,"breadcrumb_settings":null,"limit_modified_date":false,"ai":null,"created":"2022-04-06 11:26:06","updated":"2025-06-20 06:36:29","focus_keyword":null,"additional_keywords":null,"truseo_locale":null,"seo_analyzer_scan_date":null},"aioseo_breadcrumb":"<div class=\"aioseo-breadcrumbs\"><span class=\"aioseo-breadcrumb\">\n\t\t\t<a href=\"https:\/\/fischenich.cdu-huerth.de\" title=\"Home\">Home<\/a>\n\t\t<\/span><span class=\"aioseo-breadcrumb-separator\">&raquo;<\/span><span class=\"aioseo-breadcrumb\">\n\t\t\t<a href=\"https:\/\/fischenich.cdu-huerth.de\/?cat=61\" title=\"B\u00fcrgerstammtisch\">B\u00fcrgerstammtisch<\/a>\n\t\t<\/span><span class=\"aioseo-breadcrumb-separator\">&raquo;<\/span><span class=\"aioseo-breadcrumb\">\n\t\t\tB\u00fcrgerstammtisch\n\t\t<\/span><\/div>","aioseo_breadcrumb_json":[{"label":"Home","link":"https:\/\/fischenich.cdu-huerth.de"},{"label":"B\u00fcrgerstammtisch","link":"https:\/\/fischenich.cdu-huerth.de\/?cat=61"},{"label":"B\u00fcrgerstammtisch","link":"https:\/\/fischenich.cdu-huerth.de\/?p=1357"}],"jetpack_publicize_connections":[],"jetpack_sharing_enabled":true,"jetpack_shortlink":"https:\/\/wp.me\/paa5yn-lT","publishpress_future_action":{"enabled":false,"date":"2026-09-09 13:58:17","action":"change-status","newStatus":"draft","terms":[],"taxonomy":"category","extraData":[]},"publishpress_future_workflow_manual_trigger":{"enabledWorkflows":[]},"jetpack_featured_media_url":"","_links":{"self":[{"href":"https:\/\/fischenich.cdu-huerth.de\/index.php?rest_route=\/wp\/v2\/posts\/1357","targetHints":{"allow":["GET"]}}],"collection":[{"href":"https:\/\/fischenich.cdu-huerth.de\/index.php?rest_route=\/wp\/v2\/posts"}],"about":[{"href":"https:\/\/fischenich.cdu-huerth.de\/index.php?rest_route=\/wp\/v2\/types\/post"}],"author":[{"embeddable":true,"href":"https:\/\/fischenich.cdu-huerth.de\/index.php?rest_route=\/wp\/v2\/users\/6"}],"replies":[{"embeddable":true,"href":"https:\/\/fischenich.cdu-huerth.de\/index.php?rest_route=%2Fwp%2Fv2%2Fcomments&post=1357"}],"version-history":[{"count":2,"href":"https:\/\/fischenich.cdu-huerth.de\/index.php?rest_route=\/wp\/v2\/posts\/1357\/revisions"}],"predecessor-version":[{"id":1361,"href":"https:\/\/fischenich.cdu-huerth.de\/index.php?rest_route=\/wp\/v2\/posts\/1357\/revisions\/1361"}],"wp:attachment":[{"href":"https:\/\/fischenich.cdu-huerth.de\/index.php?rest_route=%2Fwp%2Fv2%2Fmedia&parent=1357"}],"wp:term":[{"taxonomy":"category","embeddable":true,"href":"https:\/\/fischenich.cdu-huerth.de\/index.php?rest_route=%2Fwp%2Fv2%2Fcategories&post=1357"},{"taxonomy":"post_tag","embeddable":true,"href":"https:\/\/fischenich.cdu-huerth.de\/index.php?rest_route=%2Fwp%2Fv2%2Ftags&post=1357"}],"curies":[{"name":"wp","href":"https:\/\/api.w.org\/{rel}","templated":true}]}}