{"id":1284,"date":"2020-11-15T16:54:17","date_gmt":"2020-11-15T15:54:17","guid":{"rendered":"https:\/\/fischenich.cdu-huerth.de\/?p=1284"},"modified":"2020-12-15T11:05:02","modified_gmt":"2020-12-15T10:05:02","slug":"dennis-mehren-neuer-ortsvorsteher-fuer-fischenich","status":"publish","type":"post","link":"https:\/\/fischenich.cdu-huerth.de\/?p=1284","title":{"rendered":"Dennis Mehren neuer Ortsvorsteher f\u00fcr Fischenich"},"content":{"rendered":"\n<p><strong><em>Besetzungsvorschlag des CDU-Ortsverbandes wurde vom Stadtrat einstimmig best\u00e4tigt <\/em><\/strong><\/p>\n<div id=\"attachment_1285\" style=\"width: 300px\" class=\"wp-caption alignleft\"><a href=\"https:\/\/fischenich.cdu-huerth.de\/wp-content\/uploads\/2020\/11\/DSC03593.jpg\"><img loading=\"lazy\" decoding=\"async\" aria-describedby=\"caption-attachment-1285\" class=\"wp-image-1285 size-medium\" src=\"https:\/\/fischenich.cdu-huerth.de\/wp-content\/uploads\/2020\/11\/DSC03593-300x200.jpg\" alt=\"\" width=\"300\" height=\"200\" srcset=\"https:\/\/fischenich.cdu-huerth.de\/wp-content\/uploads\/2020\/11\/DSC03593-300x200.jpg 300w, https:\/\/fischenich.cdu-huerth.de\/wp-content\/uploads\/2020\/11\/DSC03593-1024x682.jpg 1024w, https:\/\/fischenich.cdu-huerth.de\/wp-content\/uploads\/2020\/11\/DSC03593-768x512.jpg 768w, https:\/\/fischenich.cdu-huerth.de\/wp-content\/uploads\/2020\/11\/DSC03593.jpg 1400w\" sizes=\"auto, (max-width: 300px) 100vw, 300px\" \/><\/a><p id=\"caption-attachment-1285\" class=\"wp-caption-text\">v. l. n . r.: R\u00fcdiger Winkler, Dennis Mehren, Dirk Sch\u00fcller<\/p><\/div>\n<p>\u201eDa die CDU in Fischenich bei den Kommunalwahlen im September wieder die st\u00e4rkste Partei geworden ist, steht ihr nach der Gemeindeordnung das Recht zu, die Ortsvorsteherin bzw. den Ortsvorsteher zu benennen. Wir freuen uns, dass wir mit Dennis Mehren einen Kandidaten dem Stadtrat vorschlagen konnten, der zwar erst seit kurzem \u201eFischenicher\u201c ist, uns aber bereits in dieser kurzen Zeit durch sein Engagement und seine offene Art \u00fcberzeugt hat. Das macht uns sicher, mit ihm das Amt des Ortsvorstehers gut besetzt zu haben\u201c, begr\u00fcndet der Vorsitzende R\u00fcdiger Winkler, den Vorschlag des CDU-Ortsverbandes, dem der Stadtrat einstimmig zustimmte.<\/p>\n<p>Dennis Mehren stellt sich vor:<\/p>\n<p><em>\u201eIch bin 36 Jahre alt, geb\u00fcrtiger H\u00fcrther, verheiratet und habe 2 T\u00f6chter. In meiner Freizeit treibe ich gerne Sport und bin mit meiner Familie und unserem Hund oft im herrlichen Weiler Bachtal Naturschutzgebiet unterwegs. <\/em><\/p>\n<p><em>Bei der Suche nach einem eigenen Haus waren wir froh, auf der Schmittenstra\u00dfe f\u00fcndig geworden zu sein. So konnten wir wieder in unseren Wunschort zur\u00fcckziehen. <\/em><\/p>\n<p><em>Bereits vor unserem Umzug bin ich Mitglied des CDU-Ortsverbandes Fischenich geworden und engagiere mich dort seit Anfang dieses Jahres im Vorstand als Mitgliederbeauftragter. Im vergangenen erfolgreichen Kommunalwahlkampf unterst\u00fctzte ich die beiden Ratsvertreter Dirk Sch\u00fcller und R\u00fcdiger Winkler und konnte im Dialog mit den Fischenichern erstes Vertrauen gewinnen.<\/em><\/p>\n<p><em>In der neukonstituierten CDU-Ratsfraktion \u00fcbernehme ich die Aufgaben eines sachkundigen B\u00fcrgers im Ausschuss f\u00fcr Finanzen, Beteiligungen und Haushaltskonsolidierung.<\/em><\/p>\n<p><em>Als Ortsvorsteher m\u00f6chte ich meinen Beitrag dazu leisten, dass Fischenich ein liebens- und lebenswertes Ort bleibt, in dem sich Alt und Jung wohl und zu Hause f\u00fchlen. Gutes und Bew\u00e4hrtes soll erhalten bleiben, Neues und Spannendes soll angepackt werden. Was mich antreibt ist vor allem Zufriedenheit und Zusammenhalt unserer Dorfgemeinschaft.<\/em><\/p>\n<p><em>Wichtig sind mir vor allem Dialog und B\u00fcrgern\u00e4he. Ich werde deshalb immer ein offenes Ohr f\u00fcr alle Anliegen der Fischenicher B\u00fcrgerinnen und B\u00fcrger haben. Ein konstruktiver Austausch l\u00e4sst uns Herausforderungen bew\u00e4ltigen und Dinge verbessern. Um dies zu erreichen werde ich mich in den n\u00e4chsten Wochen mit allen \u00f6rtlichen Vereinen und Interessensgruppen in Verbindung setzen, um mich vorzustellen, aktuelle Themen zu besprechen und neue Aufgaben anzupacken.<\/em><\/p>\n<p><em>Ich freue mich auf meine neue Aufgabe f\u00fcr meinen Ort und alle Fischenicher B\u00fcrgerinnen und B\u00fcrger.\u201c<\/em><\/p>\n<p><strong>Kontaktdaten:<\/strong><br>Dennis Mehren<br>Tel.: 0176 \/ 240 80 835<br>Email: <a href=\"mailto:dennismehren@gmx.de\">dennismehren@gmx.de<\/a><\/p>\n<div class=\"facebook_like_button\" style=\"float: right; margin-left: 10px;\"><iframe src=\"http:\/\/www.facebook.com\/plugins\/like.php?href=https%3A%2F%2Ffischenich.cdu-huerth.de%2F%3Fp%3D1284&amp;layout=standard&amp;show_faces=false&amp;action=like&amp;colorscheme=light&amp;width=450\" scrolling=\"no\" frameborder=\"0\" allowTransparency=\"true\" style=\"border:none; overflow:hidden; width:450px; height:40px\"><\/iframe><\/div>","protected":false},"excerpt":{"rendered":"<p>Besetzungsvorschlag des CDU-Ortsverbandes wurde vom Stadtrat einstimmig best\u00e4tigt \u201eDa die CDU in Fischenich bei den Kommunalwahlen im September wieder die st\u00e4rkste Partei geworden ist, steht ihr nach der Gemeindeordnung das Recht zu, die Ortsvorsteherin bzw. den Ortsvorsteher zu benennen. Wir freuen uns, dass wir mit Dennis Mehren einen Kandidaten dem Stadtrat vorschlagen konnten, der zwar &hellip; <\/p>\n<p><a class=\"more-link btn\" href=\"https:\/\/fischenich.cdu-huerth.de\/?p=1284\">Weiterlesen<\/a><\/p>\n","protected":false},"author":6,"featured_media":1285,"comment_status":"open","ping_status":"open","sticky":false,"template":"","format":"standard","meta":{"ngg_post_thumbnail":0,"jetpack_post_was_ever_published":false,"_jetpack_newsletter_access":"","_jetpack_dont_email_post_to_subs":false,"_jetpack_newsletter_tier_id":0,"_jetpack_memberships_contains_paywalled_content":false,"_jetpack_memberships_contains_paid_content":false,"footnotes":"","jetpack_publicize_message":"","jetpack_publicize_feature_enabled":true,"jetpack_social_post_already_shared":true,"jetpack_social_options":{"image_generator_settings":{"template":"highway","default_image_id":0,"font":"","enabled":false},"version":2}},"categories":[1],"tags":[],"class_list":["post-1284","post","type-post","status-publish","format-standard","has-post-thumbnail","hentry","category-allgemein","item-wrap"],"aioseo_notices":[],"jetpack_publicize_connections":[],"jetpack_featured_media_url":"https:\/\/fischenich.cdu-huerth.de\/wp-content\/uploads\/2020\/11\/DSC03593.jpg","jetpack_sharing_enabled":true,"jetpack_shortlink":"https:\/\/wp.me\/paa5yn-kI","publishpress_future_action":{"enabled":false,"date":"2026-05-08 10:05:50","action":"change-status","newStatus":"draft","terms":[],"taxonomy":"category","extraData":[]},"publishpress_future_workflow_manual_trigger":{"enabledWorkflows":[]},"_links":{"self":[{"href":"https:\/\/fischenich.cdu-huerth.de\/index.php?rest_route=\/wp\/v2\/posts\/1284","targetHints":{"allow":["GET"]}}],"collection":[{"href":"https:\/\/fischenich.cdu-huerth.de\/index.php?rest_route=\/wp\/v2\/posts"}],"about":[{"href":"https:\/\/fischenich.cdu-huerth.de\/index.php?rest_route=\/wp\/v2\/types\/post"}],"author":[{"embeddable":true,"href":"https:\/\/fischenich.cdu-huerth.de\/index.php?rest_route=\/wp\/v2\/users\/6"}],"replies":[{"embeddable":true,"href":"https:\/\/fischenich.cdu-huerth.de\/index.php?rest_route=%2Fwp%2Fv2%2Fcomments&post=1284"}],"version-history":[{"count":1,"href":"https:\/\/fischenich.cdu-huerth.de\/index.php?rest_route=\/wp\/v2\/posts\/1284\/revisions"}],"predecessor-version":[{"id":1286,"href":"https:\/\/fischenich.cdu-huerth.de\/index.php?rest_route=\/wp\/v2\/posts\/1284\/revisions\/1286"}],"wp:featuredmedia":[{"embeddable":true,"href":"https:\/\/fischenich.cdu-huerth.de\/index.php?rest_route=\/wp\/v2\/media\/1285"}],"wp:attachment":[{"href":"https:\/\/fischenich.cdu-huerth.de\/index.php?rest_route=%2Fwp%2Fv2%2Fmedia&parent=1284"}],"wp:term":[{"taxonomy":"category","embeddable":true,"href":"https:\/\/fischenich.cdu-huerth.de\/index.php?rest_route=%2Fwp%2Fv2%2Fcategories&post=1284"},{"taxonomy":"post_tag","embeddable":true,"href":"https:\/\/fischenich.cdu-huerth.de\/index.php?rest_route=%2Fwp%2Fv2%2Ftags&post=1284"}],"curies":[{"name":"wp","href":"https:\/\/api.w.org\/{rel}","templated":true}]}}