{"id":1272,"date":"2020-09-17T10:15:37","date_gmt":"2020-09-17T08:15:37","guid":{"rendered":"https:\/\/fischenich.cdu-huerth.de\/?p=1272"},"modified":"2020-09-17T11:33:03","modified_gmt":"2020-09-17T09:33:03","slug":"fischenich-fuer-weitere-5-jahre-in-guten-haenden","status":"publish","type":"post","link":"https:\/\/fischenich.cdu-huerth.de\/?p=1272","title":{"rendered":"Fischenich f\u00fcr weitere 5 Jahre in guten H\u00e4nden"},"content":{"rendered":"\n<p><a href=\"https:\/\/fischenich.cdu-huerth.de\/wp-content\/uploads\/2020\/06\/schueller__winkler_003-scaled.jpg\"><img loading=\"lazy\" decoding=\"async\" class=\"alignleft size-thumbnail wp-image-1244\" src=\"https:\/\/fischenich.cdu-huerth.de\/wp-content\/uploads\/2020\/06\/schueller__winkler_003-150x150.jpg\" alt=\"\" width=\"150\" height=\"150\"><\/a>Am vergangenen Sonntagabend konnten sich die beiden Ratskandidaten der Fischenicher CDU zu sp\u00e4ter Stunde \u00fcber die Ergebnisse der diesj\u00e4hrigen Kommunalwahl besonders freuen. Beide gewannen in ihrem Wahlkreis das Direktmandat und ziehen damit f\u00fcr die kommenden 5 Jahre als Vertreter f\u00fcr Fischenich in den neuen Rat der Stadt H\u00fcrth ein. Mit 50,98% zieht Dirk Sch\u00fcller erstmals f\u00fcr das Oberdorf in den Rat ein. Sein Kollege R\u00fcdiger Winkler konnte sich im Unterdorf nach den Wahlsiegen in den Jahren 2009 und 2014 \u00fcber den dritten Wahlsieg in Folge freuen.<\/p>\n<p>Besonders m\u00f6chten sich die beiden neu gew\u00e4hlten Ratsherren bei dem bisherigen Ratsvertreter im Oberdorf und Ortsvorsteher Raimund Westphal f\u00fcr sein Engagement der letzten Jahre f\u00fcr Fischenich bedanken. Vor seiner Wahl in den H\u00fcrther Stadtrat war Raimund Westphal besonders aktiv in der Fischenicher Dorfgemeinschaft, deren Vorsitz er zeitweise \u00fcbernahm. Auch die Einrichtung des F\u00f6rdervereins der Dorfgemeinschaft und des Bonusprogramms trieb er federf\u00fchrend voran.<\/p>\n<div class=\"facebook_like_button\" style=\"float: right; margin-left: 10px;\"><iframe src=\"http:\/\/www.facebook.com\/plugins\/like.php?href=https%3A%2F%2Ffischenich.cdu-huerth.de%2F%3Fp%3D1272&amp;layout=standard&amp;show_faces=false&amp;action=like&amp;colorscheme=light&amp;width=450\" scrolling=\"no\" frameborder=\"0\" allowTransparency=\"true\" style=\"border:none; overflow:hidden; width:450px; height:40px\"><\/iframe><\/div>","protected":false},"excerpt":{"rendered":"<p>Am vergangenen Sonntagabend konnten sich die beiden Ratskandidaten der Fischenicher CDU zu sp\u00e4ter Stunde \u00fcber die Ergebnisse der diesj\u00e4hrigen Kommunalwahl besonders freuen. Beide gewannen in ihrem Wahlkreis das Direktmandat und ziehen damit f\u00fcr die kommenden 5 Jahre als Vertreter f\u00fcr Fischenich in den neuen Rat der Stadt H\u00fcrth ein. Mit 50,98% zieht Dirk Sch\u00fcller erstmals &hellip; <\/p>\n<p><a class=\"more-link btn\" href=\"https:\/\/fischenich.cdu-huerth.de\/?p=1272\">Weiterlesen<\/a><\/p>\n","protected":false},"author":6,"featured_media":1244,"comment_status":"open","ping_status":"open","sticky":false,"template":"","format":"standard","meta":{"ngg_post_thumbnail":0,"jetpack_post_was_ever_published":false,"_jetpack_newsletter_access":"","_jetpack_dont_email_post_to_subs":false,"_jetpack_newsletter_tier_id":0,"_jetpack_memberships_contains_paywalled_content":false,"_jetpack_memberships_contains_paid_content":false,"footnotes":"","jetpack_publicize_message":"","jetpack_publicize_feature_enabled":true,"jetpack_social_post_already_shared":true,"jetpack_social_options":{"image_generator_settings":{"template":"highway","default_image_id":0,"font":"","enabled":false},"version":2}},"categories":[1],"tags":[],"class_list":["post-1272","post","type-post","status-publish","format-standard","has-post-thumbnail","hentry","category-allgemein","item-wrap"],"aioseo_notices":[],"jetpack_publicize_connections":[],"jetpack_featured_media_url":"https:\/\/fischenich.cdu-huerth.de\/wp-content\/uploads\/2020\/06\/schueller__winkler_003-scaled.jpg","jetpack_sharing_enabled":true,"jetpack_shortlink":"https:\/\/wp.me\/paa5yn-kw","publishpress_future_action":{"enabled":false,"date":"2026-05-10 11:25:27","action":"change-status","newStatus":"draft","terms":[],"taxonomy":"category","extraData":[]},"publishpress_future_workflow_manual_trigger":{"enabledWorkflows":[]},"_links":{"self":[{"href":"https:\/\/fischenich.cdu-huerth.de\/index.php?rest_route=\/wp\/v2\/posts\/1272","targetHints":{"allow":["GET"]}}],"collection":[{"href":"https:\/\/fischenich.cdu-huerth.de\/index.php?rest_route=\/wp\/v2\/posts"}],"about":[{"href":"https:\/\/fischenich.cdu-huerth.de\/index.php?rest_route=\/wp\/v2\/types\/post"}],"author":[{"embeddable":true,"href":"https:\/\/fischenich.cdu-huerth.de\/index.php?rest_route=\/wp\/v2\/users\/6"}],"replies":[{"embeddable":true,"href":"https:\/\/fischenich.cdu-huerth.de\/index.php?rest_route=%2Fwp%2Fv2%2Fcomments&post=1272"}],"version-history":[{"count":2,"href":"https:\/\/fischenich.cdu-huerth.de\/index.php?rest_route=\/wp\/v2\/posts\/1272\/revisions"}],"predecessor-version":[{"id":1275,"href":"https:\/\/fischenich.cdu-huerth.de\/index.php?rest_route=\/wp\/v2\/posts\/1272\/revisions\/1275"}],"wp:featuredmedia":[{"embeddable":true,"href":"https:\/\/fischenich.cdu-huerth.de\/index.php?rest_route=\/wp\/v2\/media\/1244"}],"wp:attachment":[{"href":"https:\/\/fischenich.cdu-huerth.de\/index.php?rest_route=%2Fwp%2Fv2%2Fmedia&parent=1272"}],"wp:term":[{"taxonomy":"category","embeddable":true,"href":"https:\/\/fischenich.cdu-huerth.de\/index.php?rest_route=%2Fwp%2Fv2%2Fcategories&post=1272"},{"taxonomy":"post_tag","embeddable":true,"href":"https:\/\/fischenich.cdu-huerth.de\/index.php?rest_route=%2Fwp%2Fv2%2Ftags&post=1272"}],"curies":[{"name":"wp","href":"https:\/\/api.w.org\/{rel}","templated":true}]}}