{"id":1243,"date":"2020-06-20T11:07:16","date_gmt":"2020-06-20T09:07:16","guid":{"rendered":"https:\/\/fischenich.cdu-huerth.de\/?p=1243"},"modified":"2020-06-20T11:07:17","modified_gmt":"2020-06-20T09:07:17","slug":"kandidaten-fuer-die-kommunalwahl-aufgestellt","status":"publish","type":"post","link":"https:\/\/fischenich.cdu-huerth.de\/?p=1243","title":{"rendered":"Kandidaten f\u00fcr die Kommunalwahl aufgestellt"},"content":{"rendered":"\n<figure class=\"wp-block-image size-large\"><img loading=\"lazy\" decoding=\"async\" width=\"1024\" height=\"682\" src=\"https:\/\/fischenich.cdu-huerth.de\/wp-content\/uploads\/2020\/06\/schueller__winkler_003-1024x682.jpg\" alt=\"\" class=\"wp-image-1244\" srcset=\"https:\/\/fischenich.cdu-huerth.de\/wp-content\/uploads\/2020\/06\/schueller__winkler_003-1024x682.jpg 1024w, https:\/\/fischenich.cdu-huerth.de\/wp-content\/uploads\/2020\/06\/schueller__winkler_003-300x200.jpg 300w, https:\/\/fischenich.cdu-huerth.de\/wp-content\/uploads\/2020\/06\/schueller__winkler_003-768x512.jpg 768w, https:\/\/fischenich.cdu-huerth.de\/wp-content\/uploads\/2020\/06\/schueller__winkler_003-1536x1024.jpg 1536w, https:\/\/fischenich.cdu-huerth.de\/wp-content\/uploads\/2020\/06\/schueller__winkler_003-2048x1365.jpg 2048w\" sizes=\"auto, (max-width: 1024px) 100vw, 1024px\" \/><figcaption>Dirk Sch\u00fcller und R\u00fcdiger Winkler<\/figcaption><\/figure>\n\n\n\n<p><strong>H\u00fcrther CDU w\u00e4hlt Ihre Kandidaten f\u00fcr die Kommunalwahl 2020.<\/strong><\/p>\n<p>Am gestrigen Freitag Abend fand die Aufstellungsversammlung der H\u00fcrther CDU auf dem Gel\u00e4nde der REVG statt. Dort wurde B\u00fcrgermeister Dirk Breuer erneut als B\u00fcrgermeisterkandidat der H\u00fcrther CDU gew\u00e4hlt.<\/p>\n<p>F\u00fcr die beiden Fischenicher Wahlkreise (Oberdorf WK 21 und Unterdorf WK 22) nominierten die Mitglieder des Stadtverbands Dirk Sch\u00fcller und R\u00fcdiger Winkler.&nbsp;<\/p>\n<div class=\"facebook_like_button\" style=\"float: right; margin-left: 10px;\"><iframe src=\"http:\/\/www.facebook.com\/plugins\/like.php?href=https%3A%2F%2Ffischenich.cdu-huerth.de%2F%3Fp%3D1243&amp;layout=standard&amp;show_faces=false&amp;action=like&amp;colorscheme=light&amp;width=450\" scrolling=\"no\" frameborder=\"0\" allowTransparency=\"true\" style=\"border:none; overflow:hidden; width:450px; height:40px\"><\/iframe><\/div>","protected":false},"excerpt":{"rendered":"<p>H\u00fcrther CDU w\u00e4hlt Ihre Kandidaten f\u00fcr die Kommunalwahl 2020. Am gestrigen Freitag Abend fand die Aufstellungsversammlung der H\u00fcrther CDU auf dem Gel\u00e4nde der REVG statt. Dort wurde B\u00fcrgermeister Dirk Breuer erneut als B\u00fcrgermeisterkandidat der H\u00fcrther CDU gew\u00e4hlt. F\u00fcr die beiden Fischenicher Wahlkreise (Oberdorf WK 21 und Unterdorf WK 22) nominierten die Mitglieder des Stadtverbands Dirk &hellip; <\/p>\n<p><a class=\"more-link btn\" href=\"https:\/\/fischenich.cdu-huerth.de\/?p=1243\">Weiterlesen<\/a><\/p>\n","protected":false},"author":6,"featured_media":1244,"comment_status":"open","ping_status":"open","sticky":false,"template":"","format":"standard","meta":{"ngg_post_thumbnail":0,"jetpack_post_was_ever_published":false,"_jetpack_newsletter_access":"","_jetpack_dont_email_post_to_subs":false,"_jetpack_newsletter_tier_id":0,"_jetpack_memberships_contains_paywalled_content":false,"_jetpack_memberships_contains_paid_content":false,"footnotes":"","jetpack_publicize_message":"","jetpack_publicize_feature_enabled":true,"jetpack_social_post_already_shared":true,"jetpack_social_options":{"image_generator_settings":{"template":"highway","default_image_id":0,"font":"","enabled":false},"version":2}},"categories":[63],"tags":[],"class_list":["post-1243","post","type-post","status-publish","format-standard","has-post-thumbnail","hentry","category-kommunalwahl","item-wrap"],"aioseo_notices":[],"jetpack_publicize_connections":[],"jetpack_featured_media_url":"https:\/\/fischenich.cdu-huerth.de\/wp-content\/uploads\/2020\/06\/schueller__winkler_003-scaled.jpg","jetpack_sharing_enabled":true,"jetpack_shortlink":"https:\/\/wp.me\/paa5yn-k3","publishpress_future_action":{"enabled":false,"date":"2026-05-03 18:33:12","action":"change-status","newStatus":"draft","terms":[],"taxonomy":"category","extraData":[]},"publishpress_future_workflow_manual_trigger":{"enabledWorkflows":[]},"_links":{"self":[{"href":"https:\/\/fischenich.cdu-huerth.de\/index.php?rest_route=\/wp\/v2\/posts\/1243","targetHints":{"allow":["GET"]}}],"collection":[{"href":"https:\/\/fischenich.cdu-huerth.de\/index.php?rest_route=\/wp\/v2\/posts"}],"about":[{"href":"https:\/\/fischenich.cdu-huerth.de\/index.php?rest_route=\/wp\/v2\/types\/post"}],"author":[{"embeddable":true,"href":"https:\/\/fischenich.cdu-huerth.de\/index.php?rest_route=\/wp\/v2\/users\/6"}],"replies":[{"embeddable":true,"href":"https:\/\/fischenich.cdu-huerth.de\/index.php?rest_route=%2Fwp%2Fv2%2Fcomments&post=1243"}],"version-history":[{"count":1,"href":"https:\/\/fischenich.cdu-huerth.de\/index.php?rest_route=\/wp\/v2\/posts\/1243\/revisions"}],"predecessor-version":[{"id":1245,"href":"https:\/\/fischenich.cdu-huerth.de\/index.php?rest_route=\/wp\/v2\/posts\/1243\/revisions\/1245"}],"wp:featuredmedia":[{"embeddable":true,"href":"https:\/\/fischenich.cdu-huerth.de\/index.php?rest_route=\/wp\/v2\/media\/1244"}],"wp:attachment":[{"href":"https:\/\/fischenich.cdu-huerth.de\/index.php?rest_route=%2Fwp%2Fv2%2Fmedia&parent=1243"}],"wp:term":[{"taxonomy":"category","embeddable":true,"href":"https:\/\/fischenich.cdu-huerth.de\/index.php?rest_route=%2Fwp%2Fv2%2Fcategories&post=1243"},{"taxonomy":"post_tag","embeddable":true,"href":"https:\/\/fischenich.cdu-huerth.de\/index.php?rest_route=%2Fwp%2Fv2%2Ftags&post=1243"}],"curies":[{"name":"wp","href":"https:\/\/api.w.org\/{rel}","templated":true}]}}